{"id":5901,"date":"2019-08-20T10:22:45","date_gmt":"2019-08-20T10:22:45","guid":{"rendered":"https:\/\/blog.kolabtree.com\/?p=5901"},"modified":"2020-11-09T08:59:24","modified_gmt":"2020-11-09T08:59:24","slug":"do-vaccines-cause-autism-new-kolabtree-study-explores-public-views","status":"publish","type":"post","link":"https:\/\/www.kolabtree.com\/blog\/pt\/do-vaccines-cause-autism-new-kolabtree-study-explores-public-views\/","title":{"rendered":"As vacinas causam autismo? Novo Estudo Kolabtree Explora Opini\u00f5es P\u00fablicas"},"content":{"rendered":"<div id=\"ez-toc-container\" class=\"ez-toc-v2_0_45_1 counter-flat ez-toc-counter ez-toc-grey ez-toc-container-direction\">\n<div class=\"ez-toc-title-container\">\n<p class=\"ez-toc-title\">Tabela de Conte\u00fados<\/p>\n<span class=\"ez-toc-title-toggle\"><a href=\"#\" class=\"ez-toc-pull-right ez-toc-btn ez-toc-btn-xs ez-toc-btn-default ez-toc-toggle\" area-label=\"ez-toc-toggle-icon-1\"><label for=\"item-69f3b21a35752\" aria-label=\"Table of Content\"><span style=\"display: flex;align-items: center;width: 35px;height: 30px;justify-content: center;direction:ltr;\"><svg style=\"fill: #999;color:#999\" xmlns=\"http:\/\/www.w3.org\/2000\/svg\" class=\"list-377408\" width=\"20px\" height=\"20px\" viewbox=\"0 0 24 24\" fill=\"none\"><path d=\"M6 6H4v2h2V6zm14 0H8v2h12V6zM4 11h2v2H4v-2zm16 0H8v2h12v-2zM4 16h2v2H4v-2zm16 0H8v2h12v-2z\" fill=\"currentColor\"><\/path><\/svg><svg style=\"fill: #999;color:#999\" class=\"arrow-unsorted-368013\" xmlns=\"http:\/\/www.w3.org\/2000\/svg\" width=\"10px\" height=\"10px\" viewbox=\"0 0 24 24\" version=\"1.2\" baseprofile=\"tiny\"><path d=\"M18.2 9.3l-6.2-6.3-6.2 6.3c-.2.2-.3.4-.3.7s.1.5.3.7c.2.2.4.3.7.3h11c.3 0 .5-.1.7-.3.2-.2.3-.5.3-.7s-.1-.5-.3-.7zM5.8 14.7l6.2 6.3 6.2-6.3c.2-.2.3-.5.3-.7s-.1-.5-.3-.7c-.2-.2-.4-.3-.7-.3h-11c-.3 0-.5.1-.7.3-.2.2-.3.5-.3.7s.1.5.3.7z\"\/><\/svg><\/span><\/label><input  type=\"checkbox\" id=\"item-69f3b21a35752\"><\/a><\/span><\/div>\n<nav><ul class='ez-toc-list ez-toc-list-level-1' ><li class='ez-toc-page-1'><a class=\"ez-toc-link ez-toc-heading-1\" href=\"https:\/\/www.kolabtree.com\/blog\/pt\/do-vaccines-cause-autism-new-kolabtree-study-explores-public-views\/#Do_Vaccines_Cause_Autism\" title=\"As vacinas causam autismo?\">As vacinas causam autismo?<\/a><\/li><li class='ez-toc-page-1'><a class=\"ez-toc-link ez-toc-heading-2\" href=\"https:\/\/www.kolabtree.com\/blog\/pt\/do-vaccines-cause-autism-new-kolabtree-study-explores-public-views\/#Why_We_Conducted_This_Study\" title=\"Por que realizamos este estudo\">Por que realizamos este estudo<\/a><\/li><li class='ez-toc-page-1'><a class=\"ez-toc-link ez-toc-heading-3\" href=\"https:\/\/www.kolabtree.com\/blog\/pt\/do-vaccines-cause-autism-new-kolabtree-study-explores-public-views\/#1_Do_You_Believe_Vaccines_Cause_Autism\" title=\"1. Voc\u00ea acredita que as vacinas causam autismo?\">1. Voc\u00ea acredita que as vacinas causam autismo?<\/a><\/li><li class='ez-toc-page-1'><a class=\"ez-toc-link ez-toc-heading-4\" href=\"https:\/\/www.kolabtree.com\/blog\/pt\/do-vaccines-cause-autism-new-kolabtree-study-explores-public-views\/#2_Do_You_Believe_the_Dangers_of_Vaccinations_Outweigh_the_Benefits\" title=\"2. Voc\u00ea acredita que os perigos das vacina\u00e7\u00f5es superam os benef\u00edcios?\">2. Voc\u00ea acredita que os perigos das vacina\u00e7\u00f5es superam os benef\u00edcios?<\/a><\/li><li class='ez-toc-page-1'><a class=\"ez-toc-link ez-toc-heading-5\" href=\"https:\/\/www.kolabtree.com\/blog\/pt\/do-vaccines-cause-autism-new-kolabtree-study-explores-public-views\/#3_Have_You_Personally_Seen_Any_Anti-Vaccine_Content_on_One_or_More_of_the_Following_Platforms\" title=\"3. Voc\u00ea j\u00e1 viu pessoalmente algum conte\u00fado anti-vacina em uma ou mais das seguintes plataformas?\">3. Voc\u00ea j\u00e1 viu pessoalmente algum conte\u00fado anti-vacina em uma ou mais das seguintes plataformas?<\/a><\/li><li class='ez-toc-page-1'><a class=\"ez-toc-link ez-toc-heading-6\" href=\"https:\/\/www.kolabtree.com\/blog\/pt\/do-vaccines-cause-autism-new-kolabtree-study-explores-public-views\/#4_Do_You_Think_the_Post_Below_Is_a_Credible_Source_of_Information_about_Vaccines\" title=\"4. Voc\u00ea acha que o posto abaixo \u00e9 uma fonte cred\u00edvel de informa\u00e7\u00f5es sobre vacinas?\">4. Voc\u00ea acha que o posto abaixo \u00e9 uma fonte cred\u00edvel de informa\u00e7\u00f5es sobre vacinas?<\/a><\/li><li class='ez-toc-page-1'><a class=\"ez-toc-link ez-toc-heading-7\" href=\"https:\/\/www.kolabtree.com\/blog\/pt\/do-vaccines-cause-autism-new-kolabtree-study-explores-public-views\/#5_Do_You_Think_That_the_Account_in_the_Picture_Below_Is_a_Credible_Source_of_Information_about_Vaccines\" title=\"5. Voc\u00ea acha que a conta na figura abaixo \u00e9 uma fonte cred\u00edvel de informa\u00e7\u00f5es sobre vacinas?\">5. Voc\u00ea acha que a conta na figura abaixo \u00e9 uma fonte cred\u00edvel de informa\u00e7\u00f5es sobre vacinas?<\/a><\/li><li class='ez-toc-page-1'><a class=\"ez-toc-link ez-toc-heading-8\" href=\"https:\/\/www.kolabtree.com\/blog\/pt\/do-vaccines-cause-autism-new-kolabtree-study-explores-public-views\/#6_Facebook_Google_Amazon_and_Other_Companies_Have_Pledged_to_Reduce_the_Visibility_of_Anti-Vaccine_Information_Do_You_See_Less_Anti-Vaccine_Content_Online_Now\" title=\"6. Facebook, Google, Amazon e outras empresas se comprometeram a reduzir a visibilidade das informa\u00e7\u00f5es anti-vacinas. Voc\u00ea v\u00ea menos conte\u00fado anti-vacinas online agora?\">6. Facebook, Google, Amazon e outras empresas se comprometeram a reduzir a visibilidade das informa\u00e7\u00f5es anti-vacinas. Voc\u00ea v\u00ea menos conte\u00fado anti-vacinas online agora?<\/a><\/li><li class='ez-toc-page-1'><a class=\"ez-toc-link ez-toc-heading-9\" href=\"https:\/\/www.kolabtree.com\/blog\/pt\/do-vaccines-cause-autism-new-kolabtree-study-explores-public-views\/#What_We_Learned_from_This_Study\" title=\"O que aprendemos com este estudo\">O que aprendemos com este estudo<\/a><\/li><\/ul><\/nav><\/div>\n<p><b>O tema das vacinas e do autismo \u00e9 um tema que divide as pessoas e evoca um grande debate acalorado. Ser\u00e1 que as vacinas causam autismo? O que diz a ci\u00eancia? E o que o p\u00fablico brit\u00e2nico realmente acredita? Em nosso novo estudo, sondamos a opini\u00e3o p\u00fablica para ver como a ci\u00eancia pode ser pervasiva e m\u00e1.<\/b><\/p>\n<p><span style=\"font-weight: 400;\">Informa\u00e7\u00f5es m\u00e9dicas imprecisas ou enganosas s\u00e3o perigosas. Pode impedir que as pessoas recebam a aten\u00e7\u00e3o m\u00e9dica de que necessitam e pode levar algu\u00e9m a agir de uma forma que est\u00e1 longe de ser \u00f3tima para sua sa\u00fade. Como <\/span><a href=\"https:\/\/journalofethics.ama-assn.org\/article\/why-health-professionals-should-speak-out-against-false-beliefs-internet\/2018-11\"><span style=\"font-weight: 400;\">uma fonte declara<\/span><\/a><span style=\"font-weight: 400;\">A \"ampla difus\u00e3o e consumo de informa\u00e7\u00f5es falsas ou enganosas sobre sa\u00fade, amplificada pela Internet, representa riscos \u00e0 sa\u00fade p\u00fablica e problemas tanto para a empresa de sa\u00fade quanto para o governo\".<\/span><\/p>\n<p><span style=\"font-weight: 400;\">Ao discutir informa\u00e7\u00f5es m\u00e9dicas enganosas e mitos de sa\u00fade em geral, n\u00e3o h\u00e1 melhor exemplo do que o da liga\u00e7\u00e3o entre as vacinas e o autismo. O tema provoca muita paix\u00e3o e, em muitas situa\u00e7\u00f5es, raiva. Para entender a percep\u00e7\u00e3o do p\u00fablico sobre as vacinas e se elas causam ou n\u00e3o autismo, a equipe da <\/span><a href=\"https:\/\/www.kolabtree.com\/?utm_source=Blog&amp;utm_medium=Post&amp;utm_campaign=Vaccines-Autism\"><span style=\"font-weight: 400;\">Kolabtree<\/span><\/a><span style=\"font-weight: 400;\"> conduziu um estudo. Isto procura explorar como a desinforma\u00e7\u00e3o m\u00e9dica \u00e9 difundida, como a informa\u00e7\u00e3o m\u00e9dica enganosa e perigosa pode ser difundida e o papel que a Internet desempenha na difus\u00e3o desta informa\u00e7\u00e3o.<\/span><\/p>\n<h2><span class=\"ez-toc-section\" id=\"Do_Vaccines_Cause_Autism\"><\/span><b>As vacinas causam autismo?<\/b><span class=\"ez-toc-section-end\"><\/span><\/h2>\n<p><span style=\"font-weight: 400;\">Antes de continuarmos a analisar as raz\u00f5es por tr\u00e1s do estudo e o que ele revelou, sentimos a necessidade de discutir a ci\u00eancia. Ser\u00e1 que as vacinas causam autismo?<\/span><\/p>\n<p><span style=\"font-weight: 400;\">A resposta curta \u00e9 n\u00e3o. As vacinas n\u00e3o causam autismo. Houve um grande estudo recente de coorte populacional que confirmou, mais uma vez, que h\u00e1 <\/span><a href=\"https:\/\/www.nhs.uk\/news\/medication\/no-link-between-mmr-and-autism-major-study-finds\/\"><span style=\"font-weight: 400;\">nenhuma liga\u00e7\u00e3o comprovada entre o autismo e a vacina MMR<\/span><\/a><span style=\"font-weight: 400;\">. Mas este estudo est\u00e1 longe de ser um estudo isolado. Ao longo dos anos, muitos estudos de renome foram realizados e h\u00e1, at\u00e9 o momento, <\/span><a href=\"https:\/\/www.historyofvaccines.org\/content\/articles\/do-vaccines-cause-autism\"><span style=\"font-weight: 400;\">nenhuma conex\u00e3o prov\u00e1vel<\/span><\/a><span style=\"font-weight: 400;\"> entre o autismo e o MMR.\u00a0<\/span><\/p>\n<p><span style=\"font-weight: 400;\">In an ideal world, this knowledge would be enough to put a parent\u2019s mind at rest, and yet the MMR-autism link continues to endure and studies continue to be carried out, eating up valuable <a href=\"https:\/\/www.kolabtree.com\/blog\/pt\/ensuring-reproducibility-in-ai-driven-research-how-freelance-experts-can-help-in-biotech-and-healthcare\/\">pesquisa<\/a> time and funding that could be used to make advances in autism. But why is this connection still so pervasive? Where did this health myth come from in the first place?<\/span><\/p>\n<p><b>Por que as pessoas acreditam que as vacinas causam autismo?<\/b><\/p>\n<p><span style=\"font-weight: 400;\">Este mito m\u00e9dico nasceu em 1997, ap\u00f3s a publica\u00e7\u00e3o de um <\/span><a href=\"https:\/\/www.publichealth.org\/public-awareness\/understanding-vaccines\/vaccine-myths-debunked\/\"><span style=\"font-weight: 400;\">estudo do cirurgi\u00e3o brit\u00e2nico Andrew Wakefield<\/span><\/a><span style=\"font-weight: 400;\">. O artigo foi publicado no The Lancet, uma prestigiosa revista m\u00e9dica, e sugeria que a vacina contra sarampo, caxumba e rub\u00e9ola (MMR) estava aumentando a ocorr\u00eancia de autismo em crian\u00e7as brit\u00e2nicas.<\/span><\/p>\n<p><span style=\"font-weight: 400;\">O estudo em quest\u00e3o envolveu oito crian\u00e7as. Isto \u00e9 not\u00e1vel quando consideramos as conseq\u00fc\u00eancias que eventualmente aconteceriam, e destaca a import\u00e2ncia de proteger o p\u00fablico de informa\u00e7\u00f5es m\u00e9dicas falsas. O estudo foi imediatamente refutado e desacreditado devido a graves erros processuais, viola\u00e7\u00f5es \u00e9ticas e conflitos de interesse financeiros n\u00e3o revelados. O trabalho foi retirado do The Lancet e Wakefield perdeu sua licen\u00e7a m\u00e9dica.\u00a0<\/span><\/p>\n<p><span style=\"font-weight: 400;\">Infelizmente, o dano foi feito. Pais aterrorizados tinham ouvido a not\u00edcia e tinham come\u00e7ado a atrasar, ou a recusar totalmente, a vacina\u00e7\u00e3o para seus filhos. A vacina <\/span><a href=\"https:\/\/www.independent.co.uk\/life-style\/health-and-families\/despite-scepticism-europe-has-high-vaccination-rates-but-it-shouldn-t-be-complacent-a7702081.html\"><span style=\"font-weight: 400;\">a absor\u00e7\u00e3o na Gr\u00e3-Bretanha despencou<\/span><\/a><span style=\"font-weight: 400;\">. Ainda hoje, o n\u00famero de pediatras que relatam recusas de vacinas tem <\/span><a href=\"https:\/\/www.healthleadersmedia.com\/strategy\/anti-vax-movement-growing\"><span style=\"font-weight: 400;\">aumentou significativamente<\/span><\/a><span style=\"font-weight: 400;\">. Desde o artigo publicado no The Lancet, os rumores correm de forma desenfreada e a desinforma\u00e7\u00e3o tem sido difundida e ampliada pela Internet.<\/span><\/p>\n<h2><span class=\"ez-toc-section\" id=\"Why_We_Conducted_This_Study\"><\/span><b>Por que realizamos este estudo<\/b><span class=\"ez-toc-section-end\"><\/span><\/h2>\n<p><span style=\"font-weight: 400;\">Com este estudo, quisemos obter um reflexo preciso das atitudes das pessoas em rela\u00e7\u00e3o a este mito de sa\u00fade.  A preocupa\u00e7\u00e3o com o MMR jab parece ser particularmente pertinente hoje em dia, uma vez que o <\/span><a href=\"https:\/\/metro.co.uk\/2019\/08\/19\/boris-johnson-takes-anti-vaxxers-uk-loses-measles-free-status-10593190\/\"><span style=\"font-weight: 400;\">O Reino Unido perdeu recentemente seu status de \"livre de sarampo<\/span><\/a><span style=\"font-weight: 400;\"> com a Organiza\u00e7\u00e3o Mundial da Sa\u00fade (OMS), tr\u00eas anos ap\u00f3s o v\u00edrus ter sido eliminado no Reino Unido. Hoje, apenas 87,2% de crian\u00e7as brit\u00e2nicas t\u00eam sua segunda dose do jab, contra 88,6% em 2014-2015. Houve 231 casos confirmados de sarampo no Reino Unido no primeiro trimestre de 2019.<\/span><\/p>\n<p><span style=\"font-weight: 400;\">Como especialistas e pesquisadores m\u00e9dicos, quisemos explorar se as pessoas realmente acreditam que as vacinas causam autismo e examinar se, na era da m\u00eddia social, o p\u00fablico \u00e9 mais facilmente enganado pela desinforma\u00e7\u00e3o m\u00e9dica. Finalmente, quer\u00edamos descobrir se a <\/span><a href=\"https:\/\/blog.kolabtree.com\/how-healthcare-companies-can-recover-from-the-medic-update-in-3-steps\/\"><span style=\"font-weight: 400;\">Atualiza\u00e7\u00e3o de medicamentos<\/span><\/a><span style=\"font-weight: 400;\"> tem tido um impacto significativo no n\u00famero de pessoas que v\u00eaem e s\u00e3o influenciadas por informa\u00e7\u00f5es m\u00e9dicas imprecisas sobre as vacinas.<\/span><\/p>\n<p><span style=\"font-weight: 400;\">Abaixo, discutimos as perguntas que fizemos ao p\u00fablico e as respostas que foram fornecidas.<\/span><\/p>\n<h2><span class=\"ez-toc-section\" id=\"1_Do_You_Believe_Vaccines_Cause_Autism\"><\/span><b>1. Voc\u00ea acredita que as vacinas causam autismo?<\/b><span class=\"ez-toc-section-end\"><\/span><\/h2>\n<p><img decoding=\"async\" loading=\"lazy\" class=\"alignnone wp-image-5904 size-large\" src=\"https:\/\/blog.kolabtree.com\/wp-content\/uploads\/2019\/08\/vaccine1-1024x329.png\" alt=\"\" width=\"702\" height=\"226\" srcset=\"https:\/\/www.kolabtree.com\/blog\/wp-content\/uploads\/2019\/08\/vaccine1-1024x329.png 1024w, https:\/\/www.kolabtree.com\/blog\/wp-content\/uploads\/2019\/08\/vaccine1-300x96.png 300w, https:\/\/www.kolabtree.com\/blog\/wp-content\/uploads\/2019\/08\/vaccine1-768x247.png 768w, https:\/\/www.kolabtree.com\/blog\/wp-content\/uploads\/2019\/08\/vaccine1.png 1028w\" sizes=\"(max-width: 702px) 100vw, 702px\" \/><\/p>\n<p><span style=\"font-weight: 400;\">Os resultados desta pergunta s\u00e3o bastante reconfortantes. De nosso tamanho de amostra, parece que a maioria das pessoas acredita firmemente que n\u00e3o h\u00e1 conex\u00e3o entre a vacina MMR e o autismo.<\/span><\/p>\n<p><span style=\"font-weight: 400;\">Ao observar a diferen\u00e7a entre os pontos de vista de homens e mulheres, h\u00e1 uma pequena, mas insignificante diferen\u00e7a. Mais mulheres (66,5%) do que homens (63,9%) responderam que n\u00e3o acreditam em nenhuma rela\u00e7\u00e3o de causalidade.\u00a0<\/span><\/p>\n<p><span style=\"font-weight: 400;\">De acordo com nossas pesquisas, a faixa et\u00e1ria que mais provavelmente acredita que as vacinas causam autismo s\u00e3o aquelas com idade entre 35 e 44 anos (11%). Neste grupo, 16% dos homens disseram acreditar que as vacinas causam autismo em compara\u00e7\u00e3o com apenas 4,7% das mulheres. No entanto, as mulheres tendem a ser mais incertas. Desse grupo et\u00e1rio. 32,3% das mulheres disseram que n\u00e3o t\u00eam certeza sobre o relacionamento - em compara\u00e7\u00e3o com apenas 15% dos homens.\u00a0<\/span><\/p>\n<p><span style=\"font-weight: 400;\">O que \u00e9 ligeiramente preocupante sobre estes dados \u00e9 o n\u00famero de pessoas que est\u00e3o indecisas sobre a rela\u00e7\u00e3o entre as vacinas e o autismo. Apesar dos estudos e fatos dispon\u00edveis, algumas pessoas t\u00eam espa\u00e7o para d\u00favidas. Na verdade, se somarmos aqueles que acreditam que h\u00e1 <\/span><i><span style=\"font-weight: 400;\">\u00e9 <\/span><\/i><span style=\"font-weight: 400;\">uma conex\u00e3o entre o autismo e as vacinas e aqueles que est\u00e3o incertos, podemos ver que 34,7% da popula\u00e7\u00e3o foi afetada negativamente por informa\u00e7\u00f5es m\u00e9dicas falsas.<\/span><\/p>\n<h2><span class=\"ez-toc-section\" id=\"2_Do_You_Believe_the_Dangers_of_Vaccinations_Outweigh_the_Benefits\"><\/span><b>2. Voc\u00ea acredita que os perigos das vacina\u00e7\u00f5es superam os benef\u00edcios?<\/b><span class=\"ez-toc-section-end\"><\/span><\/h2>\n<p><img decoding=\"async\" loading=\"lazy\" class=\"alignnone wp-image-5905 size-full\" src=\"https:\/\/blog.kolabtree.com\/wp-content\/uploads\/2019\/08\/vaccine2.png\" alt=\"\" width=\"1026\" height=\"317\" srcset=\"https:\/\/www.kolabtree.com\/blog\/wp-content\/uploads\/2019\/08\/vaccine2.png 1026w, https:\/\/www.kolabtree.com\/blog\/wp-content\/uploads\/2019\/08\/vaccine2-300x93.png 300w, https:\/\/www.kolabtree.com\/blog\/wp-content\/uploads\/2019\/08\/vaccine2-1024x316.png 1024w, https:\/\/www.kolabtree.com\/blog\/wp-content\/uploads\/2019\/08\/vaccine2-768x237.png 768w\" sizes=\"(max-width: 1026px) 100vw, 1026px\" \/><span style=\"font-weight: 400;\">Como podemos ver, 62,6% das pessoas acreditam que os perigos das vacinas n\u00e3o superam os benef\u00edcios. Entretanto, 16,5% das pessoas acreditam que os perigos s\u00e3o muito arriscados, enquanto 21% s\u00e3o incertos.<\/span><\/p>\n<p><span style=\"font-weight: 400;\">Incrivelmente, enquanto apenas 12.4% das mulheres disseram acreditar que os perigos das vacinas superam os benef\u00edcios oferecidos, um not\u00e1vel 20.6% dos homens em nossa pesquisa disse que eles acreditam que os perigos superam os benef\u00edcios.<\/span><span style=\"font-weight: 400;\"><br \/>\n<\/span><\/p>\n<p><span style=\"font-weight: 400;\">Aqueles com mais de 65 anos s\u00e3o os mais inclinados a acreditar que as vacinas s\u00e3o mais perigosas do que ben\u00e9ficas (29,5%). Quando comparamos isto com os 7.8% de 25-34 anos de idade que acreditam o mesmo, podemos afirmar claramente que quanto mais jovem a gera\u00e7\u00e3o, mais confort\u00e1veis os participantes estavam com a seguran\u00e7a das vacinas.\u00a0<\/span><\/p>\n<h2><span class=\"ez-toc-section\" id=\"3_Have_You_Personally_Seen_Any_Anti-Vaccine_Content_on_One_or_More_of_the_Following_Platforms\"><\/span><b>3. Voc\u00ea j\u00e1 viu pessoalmente algum conte\u00fado anti-vacina em uma ou mais das seguintes plataformas?<\/b><span class=\"ez-toc-section-end\"><\/span><\/h2>\n<p><img decoding=\"async\" loading=\"lazy\" class=\"alignnone wp-image-5907 size-full\" src=\"https:\/\/blog.kolabtree.com\/wp-content\/uploads\/2019\/08\/vaccine4.png\" alt=\"\" width=\"1013\" height=\"498\" srcset=\"https:\/\/www.kolabtree.com\/blog\/wp-content\/uploads\/2019\/08\/vaccine4.png 1013w, https:\/\/www.kolabtree.com\/blog\/wp-content\/uploads\/2019\/08\/vaccine4-300x147.png 300w, https:\/\/www.kolabtree.com\/blog\/wp-content\/uploads\/2019\/08\/vaccine4-768x378.png 768w, https:\/\/www.kolabtree.com\/blog\/wp-content\/uploads\/2019\/08\/vaccine4-164x82.png 164w\" sizes=\"(max-width: 1013px) 100vw, 1013px\" \/><\/p>\n<p><span style=\"font-weight: 400;\">Nossos resultados revelaram que, em geral, as pessoas n\u00e3o est\u00e3o vendo muito material anti-vax nas m\u00eddias sociais, mas quando v\u00eaem, \u00e9 predominantemente no Facebook.<\/span><\/p>\n<p><span style=\"font-weight: 400;\">Nossos resultados tamb\u00e9m mostraram que mais jovens (particularmente os de 18-24 anos) viram conte\u00fado anti-vacina\u00e7\u00e3o nas m\u00eddias sociais. Isto \u00e9 prov\u00e1vel porque eles est\u00e3o gastando mais tempo nestas plataformas. Aqueles que viram a menor quantidade de conte\u00fado nestas plataformas t\u00eam mais de 65 anos de idade.<\/span><\/p>\n<h2><span class=\"ez-toc-section\" id=\"4_Do_You_Think_the_Post_Below_Is_a_Credible_Source_of_Information_about_Vaccines\"><\/span><b>4. Voc\u00ea acha que o posto abaixo \u00e9 uma fonte cred\u00edvel de informa\u00e7\u00f5es sobre vacinas?<\/b><span class=\"ez-toc-section-end\"><\/span><\/h2>\n<p><span style=\"font-weight: 400;\"><img decoding=\"async\" loading=\"lazy\" class=\"alignnone wp-image-5906 size-full\" src=\"https:\/\/blog.kolabtree.com\/wp-content\/uploads\/2019\/08\/vaccine3.png\" alt=\"\" width=\"1033\" height=\"329\" srcset=\"https:\/\/www.kolabtree.com\/blog\/wp-content\/uploads\/2019\/08\/vaccine3.png 1033w, https:\/\/www.kolabtree.com\/blog\/wp-content\/uploads\/2019\/08\/vaccine3-300x96.png 300w, https:\/\/www.kolabtree.com\/blog\/wp-content\/uploads\/2019\/08\/vaccine3-1024x326.png 1024w, https:\/\/www.kolabtree.com\/blog\/wp-content\/uploads\/2019\/08\/vaccine3-768x245.png 768w\" sizes=\"(max-width: 1033px) 100vw, 1033px\" \/><\/span><\/p>\n<p><img decoding=\"async\" loading=\"lazy\" class=\"alignnone wp-image-5908 size-full\" src=\"https:\/\/blog.kolabtree.com\/wp-content\/uploads\/2019\/08\/vaccine5.png\" alt=\"\" width=\"1152\" height=\"583\" srcset=\"https:\/\/www.kolabtree.com\/blog\/wp-content\/uploads\/2019\/08\/vaccine5.png 1152w, https:\/\/www.kolabtree.com\/blog\/wp-content\/uploads\/2019\/08\/vaccine5-300x152.png 300w, https:\/\/www.kolabtree.com\/blog\/wp-content\/uploads\/2019\/08\/vaccine5-1024x518.png 1024w, https:\/\/www.kolabtree.com\/blog\/wp-content\/uploads\/2019\/08\/vaccine5-768x389.png 768w, https:\/\/www.kolabtree.com\/blog\/wp-content\/uploads\/2019\/08\/vaccine5-1080x547.png 1080w, https:\/\/www.kolabtree.com\/blog\/wp-content\/uploads\/2019\/08\/vaccine5-474x240.png 474w, https:\/\/www.kolabtree.com\/blog\/wp-content\/uploads\/2019\/08\/vaccine5-164x82.png 164w\" sizes=\"(max-width: 1152px) 100vw, 1152px\" \/><\/p>\n<p><span style=\"font-weight: 400;\">A maioria de nossos participantes desconfiava desta conta na m\u00eddia social, com 90.9% dizendo que ela n\u00e3o \u00e9 uma fonte de informa\u00e7\u00e3o confi\u00e1vel. Apenas o 9.1% acredita que ele \u00e9 confi\u00e1vel.<\/span><\/p>\n<p><span style=\"font-weight: 400;\">Enquanto tanto homens como mulheres, na sua esmagadora maioria, pensam que esta \u00e9 uma fonte de informa\u00e7\u00e3o pobre, mais mulheres (94.2%) do que homens (87.2%) acreditam que este seja o caso.<\/span><\/p>\n<h2><span class=\"ez-toc-section\" id=\"5_Do_You_Think_That_the_Account_in_the_Picture_Below_Is_a_Credible_Source_of_Information_about_Vaccines\"><\/span><b>5. Voc\u00ea acha que a conta na figura abaixo \u00e9 uma fonte cred\u00edvel de informa\u00e7\u00f5es sobre vacinas?<\/b><span class=\"ez-toc-section-end\"><\/span><\/h2>\n<p><span style=\"font-weight: 400;\"><img decoding=\"async\" loading=\"lazy\" class=\"alignnone wp-image-5910 size-large\" src=\"https:\/\/blog.kolabtree.com\/wp-content\/uploads\/2019\/08\/vaccine7-1024x310.png\" alt=\"\" width=\"702\" height=\"213\" srcset=\"https:\/\/www.kolabtree.com\/blog\/wp-content\/uploads\/2019\/08\/vaccine7-1024x310.png 1024w, https:\/\/www.kolabtree.com\/blog\/wp-content\/uploads\/2019\/08\/vaccine7-300x91.png 300w, https:\/\/www.kolabtree.com\/blog\/wp-content\/uploads\/2019\/08\/vaccine7-768x232.png 768w, https:\/\/www.kolabtree.com\/blog\/wp-content\/uploads\/2019\/08\/vaccine7.png 1025w\" sizes=\"(max-width: 702px) 100vw, 702px\" \/><\/span><\/p>\n<p><span style=\"font-weight: 400;\"><img decoding=\"async\" loading=\"lazy\" class=\"alignnone wp-image-5909 size-large\" src=\"https:\/\/blog.kolabtree.com\/wp-content\/uploads\/2019\/08\/vaccine6-1024x375.png\" alt=\"\" width=\"702\" height=\"257\" srcset=\"https:\/\/www.kolabtree.com\/blog\/wp-content\/uploads\/2019\/08\/vaccine6-1024x375.png 1024w, https:\/\/www.kolabtree.com\/blog\/wp-content\/uploads\/2019\/08\/vaccine6-300x110.png 300w, https:\/\/www.kolabtree.com\/blog\/wp-content\/uploads\/2019\/08\/vaccine6-768x281.png 768w, https:\/\/www.kolabtree.com\/blog\/wp-content\/uploads\/2019\/08\/vaccine6.png 1033w\" sizes=\"(max-width: 702px) 100vw, 702px\" \/><\/span><\/p>\n<p><span style=\"font-weight: 400;\">Como na pergunta anterior, podemos ver que a maioria das pessoas \u00e9 cr\u00edtica aos relatos da m\u00eddia social anti-vax, com 86,5% de pessoas acreditando que esta n\u00e3o \u00e9 uma fonte confi\u00e1vel de informa\u00e7\u00e3o sobre vacinas, contra apenas 13,5% que acham que \u00e9.<\/span><\/p>\n<h2><span class=\"ez-toc-section\" id=\"6_Facebook_Google_Amazon_and_Other_Companies_Have_Pledged_to_Reduce_the_Visibility_of_Anti-Vaccine_Information_Do_You_See_Less_Anti-Vaccine_Content_Online_Now\"><\/span><b>6. Facebook, Google, Amazon e outras empresas se comprometeram a reduzir a visibilidade das informa\u00e7\u00f5es anti-vacinas. Voc\u00ea v\u00ea menos conte\u00fado anti-vacinas online agora?<\/b><span class=\"ez-toc-section-end\"><\/span><\/h2>\n<p><img decoding=\"async\" loading=\"lazy\" class=\"alignnone wp-image-5911 size-full\" src=\"https:\/\/blog.kolabtree.com\/wp-content\/uploads\/2019\/08\/vaccine8.png\" alt=\"\" width=\"983\" height=\"332\" srcset=\"https:\/\/www.kolabtree.com\/blog\/wp-content\/uploads\/2019\/08\/vaccine8.png 983w, https:\/\/www.kolabtree.com\/blog\/wp-content\/uploads\/2019\/08\/vaccine8-300x101.png 300w, https:\/\/www.kolabtree.com\/blog\/wp-content\/uploads\/2019\/08\/vaccine8-768x259.png 768w\" sizes=\"(max-width: 983px) 100vw, 983px\" \/><\/p>\n<p><span style=\"font-weight: 400;\">Depois que os m\u00e9dicos questionaram se empresas como Google, Facebook e Amazon <\/span><a href=\"https:\/\/www.cbsnews.com\/news\/tech-companies-fight-against-vaccine-misinformation-prompts-free-speech-debate\/\"><span style=\"font-weight: 400;\">compartilhar parte da culpa<\/span><\/a><span style=\"font-weight: 400;\"> na ascens\u00e3o de crian\u00e7as n\u00e3o vacinadas, essas mesmas empresas concordaram em tomar medidas para limitar a dissemina\u00e7\u00e3o dessa desinforma\u00e7\u00e3o. Parece que, em geral, as pessoas n\u00e3o est\u00e3o conscientes desta mudan\u00e7a, com 72,4% de pessoas dizendo que n\u00e3o t\u00eam certeza se est\u00e3o vendo mais ou menos conte\u00fado relacionado \u00e0s vacinas e ao autismo. 17.8%, no entanto, tornaram-se conscientemente conscientes de menos conte\u00fado anti-vax nas m\u00eddias sociais, o que \u00e9 um primeiro passo positivo e not\u00edcias promissoras para a informa\u00e7\u00e3o m\u00e9dica em geral.<\/span><\/p>\n<h2><span class=\"ez-toc-section\" id=\"What_We_Learned_from_This_Study\"><\/span><b>O que aprendemos com este estudo<\/b><span class=\"ez-toc-section-end\"><\/span><\/h2>\n<p><span style=\"font-weight: 400;\">Em \u00faltima an\u00e1lise, este estudo foi tranquilizador ao confirmar que a maioria das pessoas parece ter uma cabe\u00e7a de n\u00edvel quando se trata da ci\u00eancia das vacinas MMR e do autismo. A maioria das pessoas n\u00e3o acredita na rela\u00e7\u00e3o e n\u00e3o \u00e9 influenciada por relatos enganosos da m\u00eddia social. O fato de que h\u00e1 tantas pessoas que parecem indecisas, no entanto, \u00e9 preocupante. Al\u00e9m disso, ap\u00f3ia que \u00e9 vital que empresas como Google, Facebook e Amazon tomem medidas para evitar que as pessoas se exponham a conte\u00fados m\u00e9dicos enganosos - e perigosos.<\/span><\/p>\n<p><b>&#8212;<br \/>\nVoc\u00ea est\u00e1 procurando um cientista profissional qualificado que possa ajud\u00e1-lo a realizar estudos de pesquisa ou verificar informa\u00e7\u00f5es? <\/b><a href=\"https:\/\/www.kolabtree.com\/find-an-expert?utm_source=Blog&amp;utm_medium=Post&amp;utm_campaign=Vaccines-Autism\"><b>Contratar cientistas freelance em Kolabtree<\/b><\/a><b> e tenha certeza de que seu projeto est\u00e1 em m\u00e3os capazes.<\/b><\/p>\n<p><em>&#8212;<br \/>\nEncontre <a href=\"https:\/\/jooble.org\/jobs-medical\">trabalhos m\u00e9dicos<\/a> dos principais empregadores.\u00a0<\/em><\/p>","protected":false},"excerpt":{"rendered":"<p>The subject of vaccinations and autism is one that divides people and evokes a great deal of heated debate. Do vaccines cause autism? What does the science say? And what does the UK public really believe? In our new study, we canvassed opinion to see how pervasive bad science can be. Inaccurate or misleading medical<\/p>\n<div class=\"read-more\"><a href=\"https:\/\/www.kolabtree.com\/blog\/pt\/do-vaccines-cause-autism-new-kolabtree-study-explores-public-views\/\" title=\"Leia mais\">Leia mais<\/a><\/div>","protected":false},"author":12,"featured_media":5912,"comment_status":"open","ping_status":"open","sticky":false,"template":"","format":"standard","meta":[],"categories":[314],"tags":[],"acf":[],"yoast_head":"<!-- This site is optimized with the Yoast SEO Premium plugin v20.1 (Yoast SEO v20.1) - https:\/\/yoast.com\/wordpress\/plugins\/seo\/ -->\n<title>Do Vaccines Cause Autism? Study Explores Public Views | Kolabtree<\/title>\n<meta name=\"description\" content=\"Do vaccines cause autism? Our new study reveals generational and gender divides and examines public views to explore the pervasiveness of bad science\" \/>\n<meta name=\"robots\" content=\"index, follow, max-snippet:-1, max-image-preview:large, max-video-preview:-1\" \/>\n<link rel=\"canonical\" href=\"https:\/\/www.kolabtree.com\/blog\/pt\/do-vaccines-cause-autism-new-kolabtree-study-explores-public-views\/\" \/>\n<meta property=\"og:locale\" content=\"pt_BR\" \/>\n<meta property=\"og:type\" content=\"article\" \/>\n<meta property=\"og:title\" content=\"Do Vaccines Cause Autism? New Kolabtree Study Explores Public Views\" \/>\n<meta property=\"og:description\" content=\"Do vaccines cause autism? Our new study reveals generational and gender divides and examines public views to explore the pervasiveness of bad science\" \/>\n<meta property=\"og:url\" content=\"https:\/\/www.kolabtree.com\/blog\/pt\/do-vaccines-cause-autism-new-kolabtree-study-explores-public-views\/\" \/>\n<meta property=\"og:site_name\" content=\"The Kolabtree Blog\" \/>\n<meta property=\"article:publisher\" content=\"https:\/\/www.facebook.com\/kolabtree\" \/>\n<meta property=\"article:published_time\" content=\"2019-08-20T10:22:45+00:00\" \/>\n<meta property=\"article:modified_time\" content=\"2020-11-09T08:59:24+00:00\" \/>\n<meta property=\"og:image\" content=\"https:\/\/www.kolabtree.com\/blog\/wp-content\/uploads\/2019\/08\/vaccines-autism-poll.jpg\" \/>\n\t<meta property=\"og:image:width\" content=\"1000\" \/>\n\t<meta property=\"og:image:height\" content=\"667\" \/>\n\t<meta property=\"og:image:type\" content=\"image\/jpeg\" \/>\n<meta name=\"author\" content=\"Ramya Sriram\" \/>\n<meta name=\"twitter:card\" content=\"summary_large_image\" \/>\n<meta name=\"twitter:creator\" content=\"@kolabtree\" \/>\n<meta name=\"twitter:site\" content=\"@kolabtree\" \/>\n<meta name=\"twitter:label1\" content=\"Escrito por\" \/>\n\t<meta name=\"twitter:data1\" content=\"Ramya Sriram\" \/>\n\t<meta name=\"twitter:label2\" content=\"Est. tempo de leitura\" \/>\n\t<meta name=\"twitter:data2\" content=\"8 minutos\" \/>\n<!-- \/ Yoast SEO Premium plugin. -->","yoast_head_json":{"title":"Do Vaccines Cause Autism? Study Explores Public Views | Kolabtree","description":"Do vaccines cause autism? Our new study reveals generational and gender divides and examines public views to explore the pervasiveness of bad science","robots":{"index":"index","follow":"follow","max-snippet":"max-snippet:-1","max-image-preview":"max-image-preview:large","max-video-preview":"max-video-preview:-1"},"canonical":"https:\/\/www.kolabtree.com\/blog\/pt\/do-vaccines-cause-autism-new-kolabtree-study-explores-public-views\/","og_locale":"pt_BR","og_type":"article","og_title":"Do Vaccines Cause Autism? New Kolabtree Study Explores Public Views","og_description":"Do vaccines cause autism? Our new study reveals generational and gender divides and examines public views to explore the pervasiveness of bad science","og_url":"https:\/\/www.kolabtree.com\/blog\/pt\/do-vaccines-cause-autism-new-kolabtree-study-explores-public-views\/","og_site_name":"The Kolabtree Blog","article_publisher":"https:\/\/www.facebook.com\/kolabtree","article_published_time":"2019-08-20T10:22:45+00:00","article_modified_time":"2020-11-09T08:59:24+00:00","og_image":[{"width":1000,"height":667,"url":"https:\/\/www.kolabtree.com\/blog\/wp-content\/uploads\/2019\/08\/vaccines-autism-poll.jpg","type":"image\/jpeg"}],"author":"Ramya Sriram","twitter_card":"summary_large_image","twitter_creator":"@kolabtree","twitter_site":"@kolabtree","twitter_misc":{"Escrito por":"Ramya Sriram","Est. tempo de leitura":"8 minutos"},"schema":{"@context":"https:\/\/schema.org","@graph":[{"@type":"Article","@id":"https:\/\/www.kolabtree.com\/blog\/de\/do-vaccines-cause-autism-new-kolabtree-study-explores-public-views\/#article","isPartOf":{"@id":"https:\/\/www.kolabtree.com\/blog\/de\/do-vaccines-cause-autism-new-kolabtree-study-explores-public-views\/"},"author":{"name":"Ramya Sriram","@id":"https:\/\/www.kolabtree.com\/blog\/#\/schema\/person\/81992f5863a1b06d132a47822e7b4400"},"headline":"Do Vaccines Cause Autism? New Kolabtree Study Explores Public Views","datePublished":"2019-08-20T10:22:45+00:00","dateModified":"2020-11-09T08:59:24+00:00","mainEntityOfPage":{"@id":"https:\/\/www.kolabtree.com\/blog\/de\/do-vaccines-cause-autism-new-kolabtree-study-explores-public-views\/"},"wordCount":1533,"commentCount":0,"publisher":{"@id":"https:\/\/www.kolabtree.com\/blog\/#organization"},"articleSection":["News &amp; Events"],"inLanguage":"pt-BR","potentialAction":[{"@type":"CommentAction","name":"Comment","target":["https:\/\/www.kolabtree.com\/blog\/de\/do-vaccines-cause-autism-new-kolabtree-study-explores-public-views\/#respond"]}]},{"@type":"WebPage","@id":"https:\/\/www.kolabtree.com\/blog\/de\/do-vaccines-cause-autism-new-kolabtree-study-explores-public-views\/","url":"https:\/\/www.kolabtree.com\/blog\/de\/do-vaccines-cause-autism-new-kolabtree-study-explores-public-views\/","name":"Do Vaccines Cause Autism? Study Explores Public Views | Kolabtree","isPartOf":{"@id":"https:\/\/www.kolabtree.com\/blog\/#website"},"datePublished":"2019-08-20T10:22:45+00:00","dateModified":"2020-11-09T08:59:24+00:00","description":"Do vaccines cause autism? Our new study reveals generational and gender divides and examines public views to explore the pervasiveness of bad science","breadcrumb":{"@id":"https:\/\/www.kolabtree.com\/blog\/de\/do-vaccines-cause-autism-new-kolabtree-study-explores-public-views\/#breadcrumb"},"inLanguage":"pt-BR","potentialAction":[{"@type":"ReadAction","target":["https:\/\/www.kolabtree.com\/blog\/de\/do-vaccines-cause-autism-new-kolabtree-study-explores-public-views\/"]}]},{"@type":"BreadcrumbList","@id":"https:\/\/www.kolabtree.com\/blog\/de\/do-vaccines-cause-autism-new-kolabtree-study-explores-public-views\/#breadcrumb","itemListElement":[{"@type":"ListItem","position":1,"name":"Home","item":"https:\/\/www.kolabtree.com\/blog\/"},{"@type":"ListItem","position":2,"name":"Do Vaccines Cause Autism? New Kolabtree Study Explores Public Views"}]},{"@type":"WebSite","@id":"https:\/\/www.kolabtree.com\/blog\/#website","url":"https:\/\/www.kolabtree.com\/blog\/","name":"The Kolabtree Blog","description":"Expert Views on Science, Innovation and Product Development","publisher":{"@id":"https:\/\/www.kolabtree.com\/blog\/#organization"},"potentialAction":[{"@type":"SearchAction","target":{"@type":"EntryPoint","urlTemplate":"https:\/\/www.kolabtree.com\/blog\/?s={search_term_string}"},"query-input":"required name=search_term_string"}],"inLanguage":"pt-BR"},{"@type":"Organization","@id":"https:\/\/www.kolabtree.com\/blog\/#organization","name":"Kolabtree","url":"https:\/\/www.kolabtree.com\/blog\/","logo":{"@type":"ImageObject","inLanguage":"pt-BR","@id":"https:\/\/www.kolabtree.com\/blog\/#\/schema\/logo\/image\/","url":"","contentUrl":"","caption":"Kolabtree"},"image":{"@id":"https:\/\/www.kolabtree.com\/blog\/#\/schema\/logo\/image\/"},"sameAs":["https:\/\/www.facebook.com\/kolabtree","https:\/\/twitter.com\/kolabtree","https:\/\/instagram.com\/kolabtree","https:\/\/www.linkedin.com\/company\/kolabtree","https:\/\/en.m.wikipedia.org\/wiki\/Kolabtree"]},{"@type":"Person","@id":"https:\/\/www.kolabtree.com\/blog\/#\/schema\/person\/81992f5863a1b06d132a47822e7b4400","name":"Ramya Sriram","image":{"@type":"ImageObject","inLanguage":"pt-BR","@id":"https:\/\/www.kolabtree.com\/blog\/#\/schema\/person\/image\/","url":"https:\/\/secure.gravatar.com\/avatar\/8100b45c960ebbbbe420e8b3f250515f?s=96&d=mm&r=g","contentUrl":"https:\/\/secure.gravatar.com\/avatar\/8100b45c960ebbbbe420e8b3f250515f?s=96&d=mm&r=g","caption":"Ramya Sriram"},"description":"Ramya Sriram manages digital content and communications at Kolabtree (kolabtree.com), the world's largest freelancing platform for scientists. She has over a decade of experience in publishing, advertising and digital content creation.","url":"https:\/\/www.kolabtree.com\/blog\/pt\/author\/ramyas\/"}]}},"amp_enabled":true,"_links":{"self":[{"href":"https:\/\/www.kolabtree.com\/blog\/pt\/wp-json\/wp\/v2\/posts\/5901"}],"collection":[{"href":"https:\/\/www.kolabtree.com\/blog\/pt\/wp-json\/wp\/v2\/posts"}],"about":[{"href":"https:\/\/www.kolabtree.com\/blog\/pt\/wp-json\/wp\/v2\/types\/post"}],"author":[{"embeddable":true,"href":"https:\/\/www.kolabtree.com\/blog\/pt\/wp-json\/wp\/v2\/users\/12"}],"replies":[{"embeddable":true,"href":"https:\/\/www.kolabtree.com\/blog\/pt\/wp-json\/wp\/v2\/comments?post=5901"}],"version-history":[{"count":5,"href":"https:\/\/www.kolabtree.com\/blog\/pt\/wp-json\/wp\/v2\/posts\/5901\/revisions"}],"predecessor-version":[{"id":8534,"href":"https:\/\/www.kolabtree.com\/blog\/pt\/wp-json\/wp\/v2\/posts\/5901\/revisions\/8534"}],"wp:featuredmedia":[{"embeddable":true,"href":"https:\/\/www.kolabtree.com\/blog\/pt\/wp-json\/wp\/v2\/media\/5912"}],"wp:attachment":[{"href":"https:\/\/www.kolabtree.com\/blog\/pt\/wp-json\/wp\/v2\/media?parent=5901"}],"wp:term":[{"taxonomy":"category","embeddable":true,"href":"https:\/\/www.kolabtree.com\/blog\/pt\/wp-json\/wp\/v2\/categories?post=5901"},{"taxonomy":"post_tag","embeddable":true,"href":"https:\/\/www.kolabtree.com\/blog\/pt\/wp-json\/wp\/v2\/tags?post=5901"}],"curies":[{"name":"wp","href":"https:\/\/api.w.org\/{rel}","templated":true}]}}