{"id":1361,"date":"2016-05-16T11:37:27","date_gmt":"2016-05-16T11:37:27","guid":{"rendered":"http:\/\/localhost\/blog\/?p=1361"},"modified":"2017-04-06T12:04:49","modified_gmt":"2017-04-06T12:04:49","slug":"who-should-be-applying-vat-when","status":"publish","type":"post","link":"https:\/\/www.kolabtree.com\/blog\/pt\/who-should-be-applying-vat-when\/","title":{"rendered":"Quem deveria estar aplicando o IVA e quando?"},"content":{"rendered":"<p>Prestes a apresentar uma proposta sobre Kolabtree, mas preocupado com o Imposto sobre o Valor Agregado (IVA)? N\u00e3o sabe se ele se aplica a voc\u00ea? Tentamos explicar os detalhes no artigo seguinte.<\/p>\n<p><strong>O IVA \u00e9 aplic\u00e1vel a mim?<\/strong><br \/>\nO IVA s\u00f3 \u00e9 aplic\u00e1vel a voc\u00ea se estiver pagando o IVA ao governo ou se voc\u00ea for uma empresa registrada para fins de IVA. Al\u00e9m disso, o VAT \u00e9 aplic\u00e1vel a voc\u00ea se voc\u00ea for um freelancer baseado em qualquer pa\u00eds da Europa ou na Austr\u00e1lia ou Canad\u00e1, e se voc\u00ea for contratado por um Cliente desses pa\u00edses. O cliente poder\u00e1 ser obrigado a apresentar o IVA ao seu governo no final do ano fiscal.<\/p>\n<p><a href=\"https:\/\/www.kolabtree.com\/blog\/wp-content\/uploads\/2016\/05\/Burning-questions-e1463398625842.jpg\"><img decoding=\"async\" loading=\"lazy\" class=\"alignnone wp-image-1362 size-full\" src=\"https:\/\/www.kolabtree.com\/blog\/wp-content\/uploads\/2016\/05\/Burning-questions-e1463398625842.jpg\" alt=\"Quest\u00f5es de queima\" width=\"320\" height=\"226\" srcset=\"https:\/\/www.kolabtree.com\/blog\/wp-content\/uploads\/2016\/05\/Burning-questions-e1463398625842.jpg 320w, https:\/\/www.kolabtree.com\/blog\/wp-content\/uploads\/2016\/05\/Burning-questions-e1463398625842-300x212.jpg 300w\" sizes=\"(max-width: 320px) 100vw, 320px\" \/><\/a><\/p>\n<p><strong>Como calcular o IVA?<\/strong><br \/>\nNa Kolabtree, nosso sistema permite que os freelancers baseados nesses pa\u00edses adicionem IVA \u00e0 sua taxa de projeto de modo que a fatura final gerada para seu cliente inclua o IVA. Forneceremos formatos de fatura que podem ser utilizados para que suas faturas estejam de acordo com as exig\u00eancias dos pa\u00edses dentro da UE.<\/p>\n<p>Nota importante para os freelancers: Lembre-se de que a Kolabtree come\u00e7ar\u00e1 a cobrar uma taxa de servi\u00e7o de 20% sobre sua taxa total, incluindo o IVA.<\/p>\n<p><strong>Como fa\u00e7o para incluir o IVA em minha fatura?<\/strong><br \/>\n\u00c9 simples! Acesse sua conta Kolabtree e siga os passos abaixo enquanto apresenta uma proposta para qualquer projeto.<\/p>\n<p><a href=\"https:\/\/www.kolabtree.com\/blog\/wp-content\/uploads\/2016\/05\/VAT-Table.jpg\"><img decoding=\"async\" loading=\"lazy\" class=\"alignnone wp-image-1363 size-full\" src=\"https:\/\/www.kolabtree.com\/blog\/wp-content\/uploads\/2016\/05\/VAT-Table.jpg\" alt=\"Tabela do IVA\" width=\"624\" height=\"148\" srcset=\"https:\/\/www.kolabtree.com\/blog\/wp-content\/uploads\/2016\/05\/VAT-Table.jpg 624w, https:\/\/www.kolabtree.com\/blog\/wp-content\/uploads\/2016\/05\/VAT-Table-300x71.jpg 300w, https:\/\/www.kolabtree.com\/blog\/wp-content\/uploads\/2016\/05\/VAT-Table-300x71@2x.jpg 600w\" sizes=\"(max-width: 624px) 100vw, 624px\" \/><\/a><\/p>\n<p>Para aplicar o IVA, clique em \"Aplicar IVA\" sob a se\u00e7\u00e3o \"Taxa e prazo\" ao apresentar uma proposta. Isto habilitar\u00e1 o campo \"porcentagem do IVA\". Digite a porcentagem do IVA aplic\u00e1vel em seu pa\u00eds. Em caso de d\u00favida, voc\u00ea pode ler mais sobre as regras de faturamento do IVA na Europa aqui. Voc\u00ea tamb\u00e9m pode consultar as regras do IVA no Canad\u00e1 e na Austr\u00e1lia.<\/p>\n<p>O IVA adicionado ser\u00e1 configurado automaticamente na tabela de taxas adjacente.<\/p>\n<p>Apresentamos um exemplo abaixo para ilustrar como o IVA ser\u00e1 aplicado ao custo do projeto cotado por um freelancer.<\/p>\n<p>Valor da proposta apresentada pela Freelancer = $300<\/p>\n<p>Taxa de IVA adicionada pela Freelancer = 10% ($30)<\/p>\n<p>Taxa de servi\u00e7o Kolabtree (ser\u00e1 calculada automaticamente) = 20%<\/p>\n<p>Montante faturado ao cliente = $330 ($300 + $30 IVA)<\/p>\n<p>Valor faturado \u00e0 Freelancer por Kolabtree = $330 * 20% = $66<\/p>\n<p>Quantia que o Freelancer adquire no e-Wallet = $264<\/p>\n<p>*Note que, como mencionado acima, a Kolabtree cobrar\u00e1 uma taxa de servi\u00e7o de 20% sobre sua taxa total, incluindo o IVA.<\/p>\n<p>Somente freelancers residentes nos pa\u00edses listados acima podem acrescentar IVA ao valor de sua proposta. Al\u00e9m disso, o IVA n\u00e3o pode exceder 26% do custo final do projeto.<\/p>\n<p>Escreva-nos para contact@kolabtree.com no caso de qualquer preocupa\u00e7\u00e3o.<\/p>","protected":false},"excerpt":{"rendered":"<p>About to submit a proposal on Kolabtree but worried about Value Added Tax (VAT)? Don\u2019t know if it applies to you? We try to explain the details in the following article. Is VAT applicable to me? VAT is applicable to you only if you&#8217;re paying VAT to the government or if you&#8217;re a VAT registered<\/p>\n<div class=\"read-more\"><a href=\"https:\/\/www.kolabtree.com\/blog\/pt\/who-should-be-applying-vat-when\/\" title=\"Leia mais\">Leia mais<\/a><\/div>","protected":false},"author":4,"featured_media":1362,"comment_status":"open","ping_status":"open","sticky":false,"template":"","format":"standard","meta":[],"categories":[205],"tags":[],"acf":[],"yoast_head":"<!-- This site is optimized with the Yoast SEO Premium plugin v20.1 (Yoast SEO v20.1) - https:\/\/yoast.com\/wordpress\/plugins\/seo\/ -->\n<title>Who should be applying VAT &amp; when? - The Kolabtree Blog<\/title>\n<meta name=\"robots\" content=\"index, follow, max-snippet:-1, max-image-preview:large, max-video-preview:-1\" \/>\n<link rel=\"canonical\" href=\"https:\/\/www.kolabtree.com\/blog\/pt\/quien-debe-aplicar-el-iva-cuando\/\" \/>\n<meta property=\"og:locale\" content=\"pt_BR\" \/>\n<meta property=\"og:type\" content=\"article\" \/>\n<meta property=\"og:title\" content=\"Who should be applying VAT &amp; when?\" \/>\n<meta property=\"og:description\" content=\"About to submit a proposal on Kolabtree but worried about Value Added Tax (VAT)? Don\u2019t know if it applies to you? We try to explain the details in the following article. Is VAT applicable to me? VAT is applicable to you only if you&#8217;re paying VAT to the government or if you&#8217;re a VAT registeredRead More\" \/>\n<meta property=\"og:url\" content=\"https:\/\/www.kolabtree.com\/blog\/pt\/quien-debe-aplicar-el-iva-cuando\/\" \/>\n<meta property=\"og:site_name\" content=\"The Kolabtree Blog\" \/>\n<meta property=\"article:publisher\" content=\"https:\/\/www.facebook.com\/kolabtree\" \/>\n<meta property=\"article:published_time\" content=\"2016-05-16T11:37:27+00:00\" \/>\n<meta property=\"article:modified_time\" content=\"2017-04-06T12:04:49+00:00\" \/>\n<meta property=\"og:image\" content=\"https:\/\/www.kolabtree.com\/blog\/wp-content\/uploads\/2016\/05\/Burning-questions-e1463398625842.jpg\" \/>\n\t<meta property=\"og:image:width\" content=\"320\" \/>\n\t<meta property=\"og:image:height\" content=\"226\" \/>\n\t<meta property=\"og:image:type\" content=\"image\/jpeg\" \/>\n<meta name=\"author\" content=\"Minhaj Rais\" \/>\n<meta name=\"twitter:card\" content=\"summary_large_image\" \/>\n<meta name=\"twitter:creator\" content=\"@kolabtree\" \/>\n<meta name=\"twitter:site\" content=\"@kolabtree\" \/>\n<meta name=\"twitter:label1\" content=\"Escrito por\" \/>\n\t<meta name=\"twitter:data1\" content=\"Minhaj Rais\" \/>\n\t<meta name=\"twitter:label2\" content=\"Est. tempo de leitura\" \/>\n\t<meta name=\"twitter:data2\" content=\"2 minutos\" \/>\n<!-- \/ Yoast SEO Premium plugin. -->","yoast_head_json":{"title":"Who should be applying VAT & when? - The Kolabtree Blog","robots":{"index":"index","follow":"follow","max-snippet":"max-snippet:-1","max-image-preview":"max-image-preview:large","max-video-preview":"max-video-preview:-1"},"canonical":"https:\/\/www.kolabtree.com\/blog\/pt\/quien-debe-aplicar-el-iva-cuando\/","og_locale":"pt_BR","og_type":"article","og_title":"Who should be applying VAT & when?","og_description":"About to submit a proposal on Kolabtree but worried about Value Added Tax (VAT)? Don\u2019t know if it applies to you? We try to explain the details in the following article. Is VAT applicable to me? VAT is applicable to you only if you&#8217;re paying VAT to the government or if you&#8217;re a VAT registeredRead More","og_url":"https:\/\/www.kolabtree.com\/blog\/pt\/quien-debe-aplicar-el-iva-cuando\/","og_site_name":"The Kolabtree Blog","article_publisher":"https:\/\/www.facebook.com\/kolabtree","article_published_time":"2016-05-16T11:37:27+00:00","article_modified_time":"2017-04-06T12:04:49+00:00","og_image":[{"width":320,"height":226,"url":"https:\/\/www.kolabtree.com\/blog\/wp-content\/uploads\/2016\/05\/Burning-questions-e1463398625842.jpg","type":"image\/jpeg"}],"author":"Minhaj Rais","twitter_card":"summary_large_image","twitter_creator":"@kolabtree","twitter_site":"@kolabtree","twitter_misc":{"Escrito por":"Minhaj Rais","Est. tempo de leitura":"2 minutos"},"schema":{"@context":"https:\/\/schema.org","@graph":[{"@type":"Article","@id":"https:\/\/www.kolabtree.com\/blog\/es\/quien-debe-aplicar-el-iva-cuando\/#article","isPartOf":{"@id":"https:\/\/www.kolabtree.com\/blog\/es\/quien-debe-aplicar-el-iva-cuando\/"},"author":{"name":"Minhaj Rais","@id":"https:\/\/www.kolabtree.com\/blog\/#\/schema\/person\/c221d0fe6368ffe0093225eba39ea307"},"headline":"Who should be applying VAT &#038; when?","datePublished":"2016-05-16T11:37:27+00:00","dateModified":"2017-04-06T12:04:49+00:00","mainEntityOfPage":{"@id":"https:\/\/www.kolabtree.com\/blog\/es\/quien-debe-aplicar-el-iva-cuando\/"},"wordCount":401,"commentCount":0,"publisher":{"@id":"https:\/\/www.kolabtree.com\/blog\/#organization"},"articleSection":["Kolabtree News"],"inLanguage":"pt-BR","potentialAction":[{"@type":"CommentAction","name":"Comment","target":["https:\/\/www.kolabtree.com\/blog\/es\/quien-debe-aplicar-el-iva-cuando\/#respond"]}]},{"@type":"WebPage","@id":"https:\/\/www.kolabtree.com\/blog\/es\/quien-debe-aplicar-el-iva-cuando\/","url":"https:\/\/www.kolabtree.com\/blog\/es\/quien-debe-aplicar-el-iva-cuando\/","name":"Who should be applying VAT & when? - The Kolabtree Blog","isPartOf":{"@id":"https:\/\/www.kolabtree.com\/blog\/#website"},"datePublished":"2016-05-16T11:37:27+00:00","dateModified":"2017-04-06T12:04:49+00:00","breadcrumb":{"@id":"https:\/\/www.kolabtree.com\/blog\/es\/quien-debe-aplicar-el-iva-cuando\/#breadcrumb"},"inLanguage":"pt-BR","potentialAction":[{"@type":"ReadAction","target":["https:\/\/www.kolabtree.com\/blog\/es\/quien-debe-aplicar-el-iva-cuando\/"]}]},{"@type":"BreadcrumbList","@id":"https:\/\/www.kolabtree.com\/blog\/es\/quien-debe-aplicar-el-iva-cuando\/#breadcrumb","itemListElement":[{"@type":"ListItem","position":1,"name":"Home","item":"https:\/\/www.kolabtree.com\/blog\/"},{"@type":"ListItem","position":2,"name":"Who should be applying VAT &#038; when?"}]},{"@type":"WebSite","@id":"https:\/\/www.kolabtree.com\/blog\/#website","url":"https:\/\/www.kolabtree.com\/blog\/","name":"The Kolabtree Blog","description":"Expert Views on Science, Innovation and Product Development","publisher":{"@id":"https:\/\/www.kolabtree.com\/blog\/#organization"},"potentialAction":[{"@type":"SearchAction","target":{"@type":"EntryPoint","urlTemplate":"https:\/\/www.kolabtree.com\/blog\/?s={search_term_string}"},"query-input":"required name=search_term_string"}],"inLanguage":"pt-BR"},{"@type":"Organization","@id":"https:\/\/www.kolabtree.com\/blog\/#organization","name":"Kolabtree","url":"https:\/\/www.kolabtree.com\/blog\/","logo":{"@type":"ImageObject","inLanguage":"pt-BR","@id":"https:\/\/www.kolabtree.com\/blog\/#\/schema\/logo\/image\/","url":"","contentUrl":"","caption":"Kolabtree"},"image":{"@id":"https:\/\/www.kolabtree.com\/blog\/#\/schema\/logo\/image\/"},"sameAs":["https:\/\/www.facebook.com\/kolabtree","https:\/\/twitter.com\/kolabtree","https:\/\/instagram.com\/kolabtree","https:\/\/www.linkedin.com\/company\/kolabtree","https:\/\/en.m.wikipedia.org\/wiki\/Kolabtree"]},{"@type":"Person","@id":"https:\/\/www.kolabtree.com\/blog\/#\/schema\/person\/c221d0fe6368ffe0093225eba39ea307","name":"Minhaj Rais","image":{"@type":"ImageObject","inLanguage":"pt-BR","@id":"https:\/\/www.kolabtree.com\/blog\/#\/schema\/person\/image\/","url":"https:\/\/secure.gravatar.com\/avatar\/68410f42b14b237fe621cab943140231?s=96&d=mm&r=g","contentUrl":"https:\/\/secure.gravatar.com\/avatar\/68410f42b14b237fe621cab943140231?s=96&d=mm&r=g","caption":"Minhaj Rais"},"description":"Minhaj manages operations at Kolabtree","url":"https:\/\/www.kolabtree.com\/blog\/pt\/author\/minhajr\/"}]}},"amp_enabled":true,"_links":{"self":[{"href":"https:\/\/www.kolabtree.com\/blog\/pt\/wp-json\/wp\/v2\/posts\/1361"}],"collection":[{"href":"https:\/\/www.kolabtree.com\/blog\/pt\/wp-json\/wp\/v2\/posts"}],"about":[{"href":"https:\/\/www.kolabtree.com\/blog\/pt\/wp-json\/wp\/v2\/types\/post"}],"author":[{"embeddable":true,"href":"https:\/\/www.kolabtree.com\/blog\/pt\/wp-json\/wp\/v2\/users\/4"}],"replies":[{"embeddable":true,"href":"https:\/\/www.kolabtree.com\/blog\/pt\/wp-json\/wp\/v2\/comments?post=1361"}],"version-history":[{"count":11,"href":"https:\/\/www.kolabtree.com\/blog\/pt\/wp-json\/wp\/v2\/posts\/1361\/revisions"}],"predecessor-version":[{"id":6630,"href":"https:\/\/www.kolabtree.com\/blog\/pt\/wp-json\/wp\/v2\/posts\/1361\/revisions\/6630"}],"wp:featuredmedia":[{"embeddable":true,"href":"https:\/\/www.kolabtree.com\/blog\/pt\/wp-json\/wp\/v2\/media\/1362"}],"wp:attachment":[{"href":"https:\/\/www.kolabtree.com\/blog\/pt\/wp-json\/wp\/v2\/media?parent=1361"}],"wp:term":[{"taxonomy":"category","embeddable":true,"href":"https:\/\/www.kolabtree.com\/blog\/pt\/wp-json\/wp\/v2\/categories?post=1361"},{"taxonomy":"post_tag","embeddable":true,"href":"https:\/\/www.kolabtree.com\/blog\/pt\/wp-json\/wp\/v2\/tags?post=1361"}],"curies":[{"name":"wp","href":"https:\/\/api.w.org\/{rel}","templated":true}]}}