{"id":5901,"date":"2019-08-20T10:22:45","date_gmt":"2019-08-20T10:22:45","guid":{"rendered":"https:\/\/blog.kolabtree.com\/?p=5901"},"modified":"2020-11-09T08:59:24","modified_gmt":"2020-11-09T08:59:24","slug":"do-vaccines-cause-autism-new-kolabtree-study-explores-public-views","status":"publish","type":"post","link":"https:\/\/www.kolabtree.com\/blog\/it\/do-vaccines-cause-autism-new-kolabtree-study-explores-public-views\/","title":{"rendered":"I vaccini causano l'autismo? Il nuovo studio Kolabtree esplora le opinioni del pubblico"},"content":{"rendered":"<div id=\"ez-toc-container\" class=\"ez-toc-v2_0_45_1 counter-flat ez-toc-counter ez-toc-grey ez-toc-container-direction\">\n<div class=\"ez-toc-title-container\">\n<p class=\"ez-toc-title\">Indice dei contenuti<\/p>\n<span class=\"ez-toc-title-toggle\"><a href=\"#\" class=\"ez-toc-pull-right ez-toc-btn ez-toc-btn-xs ez-toc-btn-default ez-toc-toggle\" area-label=\"ez-toc-toggle-icon-1\"><label for=\"item-69f3b21a8682d\" aria-label=\"Table of Content\"><span style=\"display: flex;align-items: center;width: 35px;height: 30px;justify-content: center;direction:ltr;\"><svg style=\"fill: #999;color:#999\" xmlns=\"http:\/\/www.w3.org\/2000\/svg\" class=\"list-377408\" width=\"20px\" height=\"20px\" viewbox=\"0 0 24 24\" fill=\"none\"><path d=\"M6 6H4v2h2V6zm14 0H8v2h12V6zM4 11h2v2H4v-2zm16 0H8v2h12v-2zM4 16h2v2H4v-2zm16 0H8v2h12v-2z\" fill=\"currentColor\"><\/path><\/svg><svg style=\"fill: #999;color:#999\" class=\"arrow-unsorted-368013\" xmlns=\"http:\/\/www.w3.org\/2000\/svg\" width=\"10px\" height=\"10px\" viewbox=\"0 0 24 24\" version=\"1.2\" baseprofile=\"tiny\"><path d=\"M18.2 9.3l-6.2-6.3-6.2 6.3c-.2.2-.3.4-.3.7s.1.5.3.7c.2.2.4.3.7.3h11c.3 0 .5-.1.7-.3.2-.2.3-.5.3-.7s-.1-.5-.3-.7zM5.8 14.7l6.2 6.3 6.2-6.3c.2-.2.3-.5.3-.7s-.1-.5-.3-.7c-.2-.2-.4-.3-.7-.3h-11c-.3 0-.5.1-.7.3-.2.2-.3.5-.3.7s.1.5.3.7z\"\/><\/svg><\/span><\/label><input  type=\"checkbox\" id=\"item-69f3b21a8682d\"><\/a><\/span><\/div>\n<nav><ul class='ez-toc-list ez-toc-list-level-1' ><li class='ez-toc-page-1'><a class=\"ez-toc-link ez-toc-heading-1\" href=\"https:\/\/www.kolabtree.com\/blog\/it\/do-vaccines-cause-autism-new-kolabtree-study-explores-public-views\/#Do_Vaccines_Cause_Autism\" title=\"I vaccini causano l&#039;autismo?\">I vaccini causano l'autismo?<\/a><\/li><li class='ez-toc-page-1'><a class=\"ez-toc-link ez-toc-heading-2\" href=\"https:\/\/www.kolabtree.com\/blog\/it\/do-vaccines-cause-autism-new-kolabtree-study-explores-public-views\/#Why_We_Conducted_This_Study\" title=\"Perch\u00e9 abbiamo condotto questo studio\">Perch\u00e9 abbiamo condotto questo studio<\/a><\/li><li class='ez-toc-page-1'><a class=\"ez-toc-link ez-toc-heading-3\" href=\"https:\/\/www.kolabtree.com\/blog\/it\/do-vaccines-cause-autism-new-kolabtree-study-explores-public-views\/#1_Do_You_Believe_Vaccines_Cause_Autism\" title=\"1. Credi che i vaccini causino l&#039;autismo?\">1. Credi che i vaccini causino l'autismo?<\/a><\/li><li class='ez-toc-page-1'><a class=\"ez-toc-link ez-toc-heading-4\" href=\"https:\/\/www.kolabtree.com\/blog\/it\/do-vaccines-cause-autism-new-kolabtree-study-explores-public-views\/#2_Do_You_Believe_the_Dangers_of_Vaccinations_Outweigh_the_Benefits\" title=\"2. Crede che i pericoli delle vaccinazioni superino i benefici?\">2. Crede che i pericoli delle vaccinazioni superino i benefici?<\/a><\/li><li class='ez-toc-page-1'><a class=\"ez-toc-link ez-toc-heading-5\" href=\"https:\/\/www.kolabtree.com\/blog\/it\/do-vaccines-cause-autism-new-kolabtree-study-explores-public-views\/#3_Have_You_Personally_Seen_Any_Anti-Vaccine_Content_on_One_or_More_of_the_Following_Platforms\" title=\"3. Hai visto personalmente qualche contenuto anti-vaccino su una o pi\u00f9 delle seguenti piattaforme?\">3. Hai visto personalmente qualche contenuto anti-vaccino su una o pi\u00f9 delle seguenti piattaforme?<\/a><\/li><li class='ez-toc-page-1'><a class=\"ez-toc-link ez-toc-heading-6\" href=\"https:\/\/www.kolabtree.com\/blog\/it\/do-vaccines-cause-autism-new-kolabtree-study-explores-public-views\/#4_Do_You_Think_the_Post_Below_Is_a_Credible_Source_of_Information_about_Vaccines\" title=\"4. Pensi che il post qui sotto sia una fonte credibile di informazioni sui vaccini?\">4. Pensi che il post qui sotto sia una fonte credibile di informazioni sui vaccini?<\/a><\/li><li class='ez-toc-page-1'><a class=\"ez-toc-link ez-toc-heading-7\" href=\"https:\/\/www.kolabtree.com\/blog\/it\/do-vaccines-cause-autism-new-kolabtree-study-explores-public-views\/#5_Do_You_Think_That_the_Account_in_the_Picture_Below_Is_a_Credible_Source_of_Information_about_Vaccines\" title=\"5. Pensi che l&#039;account nell&#039;immagine qui sotto sia una fonte credibile di informazioni sui vaccini?\">5. Pensi che l'account nell'immagine qui sotto sia una fonte credibile di informazioni sui vaccini?<\/a><\/li><li class='ez-toc-page-1'><a class=\"ez-toc-link ez-toc-heading-8\" href=\"https:\/\/www.kolabtree.com\/blog\/it\/do-vaccines-cause-autism-new-kolabtree-study-explores-public-views\/#6_Facebook_Google_Amazon_and_Other_Companies_Have_Pledged_to_Reduce_the_Visibility_of_Anti-Vaccine_Information_Do_You_See_Less_Anti-Vaccine_Content_Online_Now\" title=\"6. Facebook, Google, Amazon e altre aziende si sono impegnate a ridurre la visibilit\u00e0 delle informazioni anti-vaccino. Vedi meno contenuti anti-vaccini online ora?\">6. Facebook, Google, Amazon e altre aziende si sono impegnate a ridurre la visibilit\u00e0 delle informazioni anti-vaccino. Vedi meno contenuti anti-vaccini online ora?<\/a><\/li><li class='ez-toc-page-1'><a class=\"ez-toc-link ez-toc-heading-9\" href=\"https:\/\/www.kolabtree.com\/blog\/it\/do-vaccines-cause-autism-new-kolabtree-study-explores-public-views\/#What_We_Learned_from_This_Study\" title=\"Cosa abbiamo imparato da questo studio\">Cosa abbiamo imparato da questo studio<\/a><\/li><\/ul><\/nav><\/div>\n<p><b>Il tema delle vaccinazioni e dell'autismo \u00e8 uno di quelli che divide le persone ed evoca una grande quantit\u00e0 di dibattiti accesi. I vaccini causano l'autismo? Cosa dice la scienza? E cosa crede veramente il pubblico britannico? Nel nostro nuovo studio, abbiamo sondato le opinioni per vedere quanto possa essere pervasiva la cattiva scienza.<\/b><\/p>\n<p><span style=\"font-weight: 400;\">Informazioni mediche imprecise o fuorvianti sono pericolose. Pu\u00f2 impedire alle persone di ricevere le cure mediche di cui hanno bisogno e pu\u00f2 indurre qualcuno ad agire in un modo che non \u00e8 affatto ottimale per la sua salute. Come <\/span><a href=\"https:\/\/journalofethics.ama-assn.org\/article\/why-health-professionals-should-speak-out-against-false-beliefs-internet\/2018-11\"><span style=\"font-weight: 400;\">una fonte afferma<\/span><\/a><span style=\"font-weight: 400;\">La \"vasta diffusione e consumo di informazioni sanitarie false o fuorvianti, amplificate da Internet, pone rischi per la salute pubblica e problemi sia per l'impresa sanitaria che per il governo\".<\/span><\/p>\n<p><span style=\"font-weight: 400;\">Quando si parla di informazioni mediche fuorvianti e di miti sulla salute in generale, non c'\u00e8 esempio migliore di quello del legame tra vaccini e autismo. L'argomento provoca molta passione e, in molte situazioni, rabbia. Per capire la percezione del pubblico sui vaccini e se causano o meno l'autismo, il team di <\/span><a href=\"https:\/\/www.kolabtree.com\/?utm_source=Blog&amp;utm_medium=Post&amp;utm_campaign=Vaccines-Autism\"><span style=\"font-weight: 400;\">Kolabtree<\/span><\/a><span style=\"font-weight: 400;\"> ha condotto uno studio. Questo cerca di esplorare come si diffonde la disinformazione medica, quanto pervasive e pericolose possono essere le informazioni mediche fuorvianti e il ruolo che internet gioca nella diffusione di queste informazioni.<\/span><\/p>\n<h2><span class=\"ez-toc-section\" id=\"Do_Vaccines_Cause_Autism\"><\/span><b>I vaccini causano l'autismo?<\/b><span class=\"ez-toc-section-end\"><\/span><\/h2>\n<p><span style=\"font-weight: 400;\">Prima di approfondire le ragioni dello studio e ci\u00f2 che ha rivelato, riteniamo necessario discutere la scienza. I vaccini causano l'autismo?<\/span><\/p>\n<p><span style=\"font-weight: 400;\">La risposta breve \u00e8 no. I vaccini non causano l'autismo. C'\u00e8 stato un recente e importante studio di coorte su tutta la popolazione che ha confermato, ancora una volta, che c'\u00e8 <\/span><a href=\"https:\/\/www.nhs.uk\/news\/medication\/no-link-between-mmr-and-autism-major-study-finds\/\"><span style=\"font-weight: 400;\">nessun legame provato tra l'autismo e il vaccino MMR<\/span><\/a><span style=\"font-weight: 400;\">. Ma questo studio non \u00e8 affatto isolato. Nel corso degli anni, molti studi rispettabili sono stati condotti e non c'\u00e8, per ora, <\/span><a href=\"https:\/\/www.historyofvaccines.org\/content\/articles\/do-vaccines-cause-autism\"><span style=\"font-weight: 400;\">nessuna connessione dimostrabile<\/span><\/a><span style=\"font-weight: 400;\"> tra autismo e MMR.\u00a0<\/span><\/p>\n<p><span style=\"font-weight: 400;\">In an ideal world, this knowledge would be enough to put a parent\u2019s mind at rest, and yet the MMR-autism link continues to endure and studies continue to be carried out, eating up valuable <a href=\"https:\/\/www.kolabtree.com\/blog\/it\/ensuring-reproducibility-in-ai-driven-research-how-freelance-experts-can-help-in-biotech-and-healthcare\/\">ricerca<\/a> time and funding that could be used to make advances in autism. But why is this connection still so pervasive? Where did this health myth come from in the first place?<\/span><\/p>\n<p><b>Perch\u00e9 la gente crede che i vaccini causino l'autismo?<\/b><\/p>\n<p><span style=\"font-weight: 400;\">Questo mito medico \u00e8 nato nel 1997 in seguito alla pubblicazione di un <\/span><a href=\"https:\/\/www.publichealth.org\/public-awareness\/understanding-vaccines\/vaccine-myths-debunked\/\"><span style=\"font-weight: 400;\">studio del chirurgo britannico Andrew Wakefield<\/span><\/a><span style=\"font-weight: 400;\">. L'articolo \u00e8 stato pubblicato su The Lancet, una prestigiosa rivista medica, e ha suggerito che il vaccino contro morbillo, parotite e rosolia (MMR) stava aumentando l'incidenza dell'autismo nei bambini britannici.<\/span><\/p>\n<p><span style=\"font-weight: 400;\">Lo studio in questione ha coinvolto otto bambini. Questo \u00e8 notevole se si considera la ricaduta che sarebbe poi avvenuta, e sottolinea l'importanza di salvaguardare il pubblico da false informazioni mediche. Lo studio \u00e8 stato immediatamente confutato e screditato a causa di gravi errori procedurali, violazioni etiche e conflitti di interesse finanziari non dichiarati. L'articolo fu ritirato da The Lancet e Wakefield perse la sua licenza medica.\u00a0<\/span><\/p>\n<p><span style=\"font-weight: 400;\">Sfortunatamente, il danno era fatto. Genitori terrorizzati avevano sentito la notizia e avevano cominciato a ritardare, o a rifiutare del tutto, la vaccinazione per i loro figli. Vaccino <\/span><a href=\"https:\/\/www.independent.co.uk\/life-style\/health-and-families\/despite-scepticism-europe-has-high-vaccination-rates-but-it-shouldn-t-be-complacent-a7702081.html\"><span style=\"font-weight: 400;\">l'assorbimento in Gran Bretagna \u00e8 crollato<\/span><\/a><span style=\"font-weight: 400;\">. Anche oggi, il numero di pediatri che segnalano il rifiuto del vaccino ha <\/span><a href=\"https:\/\/www.healthleadersmedia.com\/strategy\/anti-vax-movement-growing\"><span style=\"font-weight: 400;\">\u00e8 aumentato significativamente<\/span><\/a><span style=\"font-weight: 400;\">. Da quando l'articolo \u00e8 stato pubblicato su The Lancet, le voci si sono scatenate e la disinformazione \u00e8 stata diffusa e amplificata da internet.<\/span><\/p>\n<h2><span class=\"ez-toc-section\" id=\"Why_We_Conducted_This_Study\"><\/span><b>Perch\u00e9 abbiamo condotto questo studio<\/b><span class=\"ez-toc-section-end\"><\/span><\/h2>\n<p><span style=\"font-weight: 400;\">Con questo studio, abbiamo voluto ottenere un riflesso accurato degli atteggiamenti delle persone verso questo mito della salute.  La preoccupazione per il vaccino MMR sembra particolarmente pertinente oggi, dato che il <\/span><a href=\"https:\/\/metro.co.uk\/2019\/08\/19\/boris-johnson-takes-anti-vaxxers-uk-loses-measles-free-status-10593190\/\"><span style=\"font-weight: 400;\">Il Regno Unito ha recentemente perso il suo status di 'Measles-Free<\/span><\/a><span style=\"font-weight: 400;\"> con l'Organizzazione mondiale della sanit\u00e0 (OMS), tre anni dopo che il virus \u00e8 stato eliminato nel Regno Unito. Oggi, solo 87,2% dei bambini britannici hanno la loro seconda dose del jab, in calo da 88,6% nel 2014-2015. Ci sono stati 231 casi confermati di morbillo nel Regno Unito nel primo trimestre del 2019.<\/span><\/p>\n<p><span style=\"font-weight: 400;\">Come esperti medici e ricercatori, volevamo esplorare se la gente crede davvero che i vaccini causino l'autismo ed esaminare se, nell'era dei social media, il pubblico \u00e8 pi\u00f9 facilmente ingannato dalla disinformazione medica. Infine, volevamo scoprire se il <\/span><a href=\"https:\/\/blog.kolabtree.com\/how-healthcare-companies-can-recover-from-the-medic-update-in-3-steps\/\"><span style=\"font-weight: 400;\">Aggiornamento medico<\/span><\/a><span style=\"font-weight: 400;\"> ha avuto un impatto significativo sul numero di persone che vedono e sono influenzate da informazioni mediche inesatte sui vaccini.<\/span><\/p>\n<p><span style=\"font-weight: 400;\">Di seguito, discutiamo le domande che abbiamo posto al pubblico e le risposte che sono state fornite.<\/span><\/p>\n<h2><span class=\"ez-toc-section\" id=\"1_Do_You_Believe_Vaccines_Cause_Autism\"><\/span><b>1. Credi che i vaccini causino l'autismo?<\/b><span class=\"ez-toc-section-end\"><\/span><\/h2>\n<p><img decoding=\"async\" loading=\"lazy\" class=\"alignnone wp-image-5904 size-large\" src=\"https:\/\/blog.kolabtree.com\/wp-content\/uploads\/2019\/08\/vaccine1-1024x329.png\" alt=\"\" width=\"702\" height=\"226\" srcset=\"https:\/\/www.kolabtree.com\/blog\/wp-content\/uploads\/2019\/08\/vaccine1-1024x329.png 1024w, https:\/\/www.kolabtree.com\/blog\/wp-content\/uploads\/2019\/08\/vaccine1-300x96.png 300w, https:\/\/www.kolabtree.com\/blog\/wp-content\/uploads\/2019\/08\/vaccine1-768x247.png 768w, https:\/\/www.kolabtree.com\/blog\/wp-content\/uploads\/2019\/08\/vaccine1.png 1028w\" sizes=\"(max-width: 702px) 100vw, 702px\" \/><\/p>\n<p><span style=\"font-weight: 400;\">I risultati di questa domanda sono abbastanza confortanti. Dal nostro campione, risulta che la maggioranza delle persone crede fermamente che non ci sia alcun legame tra il vaccino MMR e l'autismo.<\/span><\/p>\n<p><span style=\"font-weight: 400;\">Quando si osserva la differenza tra le opinioni di uomini e donne, c'\u00e8 una differenza leggera ma insignificante. Pi\u00f9 donne (66,5%) che uomini (63,9%) hanno risposto che non credono in nessuna relazione causale.\u00a0<\/span><\/p>\n<p><span style=\"font-weight: 400;\">Secondo la nostra ricerca, il gruppo di et\u00e0 che ha pi\u00f9 probabilit\u00e0 di credere che i vaccini causino l'autismo sono quelli di et\u00e0 compresa tra 35 e 44 anni (11%). In questo gruppo, il 16% degli uomini ha detto di credere che i vaccini causino l'autismo rispetto a solo 4,7% delle donne. Tuttavia, le donne tendono ad essere pi\u00f9 incerte. In questo gruppo di et\u00e0. 32.3% delle donne hanno detto che non sono sicuri della relazione - rispetto a solo 15% degli uomini.\u00a0<\/span><\/p>\n<p><span style=\"font-weight: 400;\">Ci\u00f2 che preoccupa un po' di questi dati \u00e8 il numero di persone che sono indecise sulla relazione tra vaccini e autismo. Nonostante gli studi e i fatti disponibili, alcune persone hanno spazio per il dubbio. Infatti, se si sommano quelli che credono che ci <\/span><i><span style=\"font-weight: 400;\">\u00e8 <\/span><\/i><span style=\"font-weight: 400;\">una connessione tra autismo e vaccini e quelli che sono incerti, possiamo vedere che il 34,7% della popolazione \u00e8 stato influenzato negativamente da false informazioni mediche.<\/span><\/p>\n<h2><span class=\"ez-toc-section\" id=\"2_Do_You_Believe_the_Dangers_of_Vaccinations_Outweigh_the_Benefits\"><\/span><b>2. Crede che i pericoli delle vaccinazioni superino i benefici?<\/b><span class=\"ez-toc-section-end\"><\/span><\/h2>\n<p><img decoding=\"async\" loading=\"lazy\" class=\"alignnone wp-image-5905 size-full\" src=\"https:\/\/blog.kolabtree.com\/wp-content\/uploads\/2019\/08\/vaccine2.png\" alt=\"\" width=\"1026\" height=\"317\" srcset=\"https:\/\/www.kolabtree.com\/blog\/wp-content\/uploads\/2019\/08\/vaccine2.png 1026w, https:\/\/www.kolabtree.com\/blog\/wp-content\/uploads\/2019\/08\/vaccine2-300x93.png 300w, https:\/\/www.kolabtree.com\/blog\/wp-content\/uploads\/2019\/08\/vaccine2-1024x316.png 1024w, https:\/\/www.kolabtree.com\/blog\/wp-content\/uploads\/2019\/08\/vaccine2-768x237.png 768w\" sizes=\"(max-width: 1026px) 100vw, 1026px\" \/><span style=\"font-weight: 400;\">Come possiamo vedere, il 62,6% delle persone crede che i pericoli delle vaccinazioni non superino i benefici. Tuttavia, il 16,5% delle persone crede che i pericoli siano troppo rischiosi, mentre 21% sono incerti.<\/span><\/p>\n<p><span style=\"font-weight: 400;\">Incredibilmente, mentre solo il 12,4% delle donne ha detto di credere che i pericoli delle vaccinazioni superino i benefici offerti, un notevole 20,6% degli uomini nella nostra indagine ha detto di credere che i pericoli superino i benefici.<\/span><span style=\"font-weight: 400;\"><br \/>\n<\/span><\/p>\n<p><span style=\"font-weight: 400;\">Quelli con pi\u00f9 di 65 anni sono i pi\u00f9 inclini a credere che le vaccinazioni siano pi\u00f9 pericolose che benefiche (29.5%). Se confrontiamo questo dato con il 7,8% dei 25-34enni che credono lo stesso, possiamo chiaramente affermare che pi\u00f9 giovane \u00e8 la generazione, pi\u00f9 i partecipanti sono a loro agio con la sicurezza dei vaccini.\u00a0<\/span><\/p>\n<h2><span class=\"ez-toc-section\" id=\"3_Have_You_Personally_Seen_Any_Anti-Vaccine_Content_on_One_or_More_of_the_Following_Platforms\"><\/span><b>3. Hai visto personalmente qualche contenuto anti-vaccino su una o pi\u00f9 delle seguenti piattaforme?<\/b><span class=\"ez-toc-section-end\"><\/span><\/h2>\n<p><img decoding=\"async\" loading=\"lazy\" class=\"alignnone wp-image-5907 size-full\" src=\"https:\/\/blog.kolabtree.com\/wp-content\/uploads\/2019\/08\/vaccine4.png\" alt=\"\" width=\"1013\" height=\"498\" srcset=\"https:\/\/www.kolabtree.com\/blog\/wp-content\/uploads\/2019\/08\/vaccine4.png 1013w, https:\/\/www.kolabtree.com\/blog\/wp-content\/uploads\/2019\/08\/vaccine4-300x147.png 300w, https:\/\/www.kolabtree.com\/blog\/wp-content\/uploads\/2019\/08\/vaccine4-768x378.png 768w, https:\/\/www.kolabtree.com\/blog\/wp-content\/uploads\/2019\/08\/vaccine4-164x82.png 164w\" sizes=\"(max-width: 1013px) 100vw, 1013px\" \/><\/p>\n<p><span style=\"font-weight: 400;\">I nostri risultati hanno rivelato che, nel complesso, le persone non vedono molto materiale anti-vax sui social media, ma quando lo fanno, \u00e8 prevalentemente su Facebook.<\/span><\/p>\n<p><span style=\"font-weight: 400;\">I nostri risultati hanno anche mostrato che pi\u00f9 giovani (in particolare quelli tra i 18 e i 24 anni) hanno visto contenuti anti-vaccini sui social media. Questo probabilmente perch\u00e9 passano pi\u00f9 tempo su queste piattaforme. Coloro che hanno visto la minor quantit\u00e0 di contenuti su queste piattaforme sono di et\u00e0 superiore ai 65 anni.<\/span><\/p>\n<h2><span class=\"ez-toc-section\" id=\"4_Do_You_Think_the_Post_Below_Is_a_Credible_Source_of_Information_about_Vaccines\"><\/span><b>4. Pensi che il post qui sotto sia una fonte credibile di informazioni sui vaccini?<\/b><span class=\"ez-toc-section-end\"><\/span><\/h2>\n<p><span style=\"font-weight: 400;\"><img decoding=\"async\" loading=\"lazy\" class=\"alignnone wp-image-5906 size-full\" src=\"https:\/\/blog.kolabtree.com\/wp-content\/uploads\/2019\/08\/vaccine3.png\" alt=\"\" width=\"1033\" height=\"329\" srcset=\"https:\/\/www.kolabtree.com\/blog\/wp-content\/uploads\/2019\/08\/vaccine3.png 1033w, https:\/\/www.kolabtree.com\/blog\/wp-content\/uploads\/2019\/08\/vaccine3-300x96.png 300w, https:\/\/www.kolabtree.com\/blog\/wp-content\/uploads\/2019\/08\/vaccine3-1024x326.png 1024w, https:\/\/www.kolabtree.com\/blog\/wp-content\/uploads\/2019\/08\/vaccine3-768x245.png 768w\" sizes=\"(max-width: 1033px) 100vw, 1033px\" \/><\/span><\/p>\n<p><img decoding=\"async\" loading=\"lazy\" class=\"alignnone wp-image-5908 size-full\" src=\"https:\/\/blog.kolabtree.com\/wp-content\/uploads\/2019\/08\/vaccine5.png\" alt=\"\" width=\"1152\" height=\"583\" srcset=\"https:\/\/www.kolabtree.com\/blog\/wp-content\/uploads\/2019\/08\/vaccine5.png 1152w, https:\/\/www.kolabtree.com\/blog\/wp-content\/uploads\/2019\/08\/vaccine5-300x152.png 300w, https:\/\/www.kolabtree.com\/blog\/wp-content\/uploads\/2019\/08\/vaccine5-1024x518.png 1024w, https:\/\/www.kolabtree.com\/blog\/wp-content\/uploads\/2019\/08\/vaccine5-768x389.png 768w, https:\/\/www.kolabtree.com\/blog\/wp-content\/uploads\/2019\/08\/vaccine5-1080x547.png 1080w, https:\/\/www.kolabtree.com\/blog\/wp-content\/uploads\/2019\/08\/vaccine5-474x240.png 474w, https:\/\/www.kolabtree.com\/blog\/wp-content\/uploads\/2019\/08\/vaccine5-164x82.png 164w\" sizes=\"(max-width: 1152px) 100vw, 1152px\" \/><\/p>\n<p><span style=\"font-weight: 400;\">La maggior parte dei nostri partecipanti non si fida di questo account di social media, con il 90,9% che dice che non \u00e8 una fonte credibile di informazioni. Solo il 9,1% lo ritiene affidabile.<\/span><\/p>\n<p><span style=\"font-weight: 400;\">Mentre sia gli uomini che le donne pensano in modo schiacciante che questa sia una scarsa fonte di informazioni, pi\u00f9 le donne (94,2%) che gli uomini (87,2%) credono che sia cos\u00ec.<\/span><\/p>\n<h2><span class=\"ez-toc-section\" id=\"5_Do_You_Think_That_the_Account_in_the_Picture_Below_Is_a_Credible_Source_of_Information_about_Vaccines\"><\/span><b>5. Pensi che l'account nell'immagine qui sotto sia una fonte credibile di informazioni sui vaccini?<\/b><span class=\"ez-toc-section-end\"><\/span><\/h2>\n<p><span style=\"font-weight: 400;\"><img decoding=\"async\" loading=\"lazy\" class=\"alignnone wp-image-5910 size-large\" src=\"https:\/\/blog.kolabtree.com\/wp-content\/uploads\/2019\/08\/vaccine7-1024x310.png\" alt=\"\" width=\"702\" height=\"213\" srcset=\"https:\/\/www.kolabtree.com\/blog\/wp-content\/uploads\/2019\/08\/vaccine7-1024x310.png 1024w, https:\/\/www.kolabtree.com\/blog\/wp-content\/uploads\/2019\/08\/vaccine7-300x91.png 300w, https:\/\/www.kolabtree.com\/blog\/wp-content\/uploads\/2019\/08\/vaccine7-768x232.png 768w, https:\/\/www.kolabtree.com\/blog\/wp-content\/uploads\/2019\/08\/vaccine7.png 1025w\" sizes=\"(max-width: 702px) 100vw, 702px\" \/><\/span><\/p>\n<p><span style=\"font-weight: 400;\"><img decoding=\"async\" loading=\"lazy\" class=\"alignnone wp-image-5909 size-large\" src=\"https:\/\/blog.kolabtree.com\/wp-content\/uploads\/2019\/08\/vaccine6-1024x375.png\" alt=\"\" width=\"702\" height=\"257\" srcset=\"https:\/\/www.kolabtree.com\/blog\/wp-content\/uploads\/2019\/08\/vaccine6-1024x375.png 1024w, https:\/\/www.kolabtree.com\/blog\/wp-content\/uploads\/2019\/08\/vaccine6-300x110.png 300w, https:\/\/www.kolabtree.com\/blog\/wp-content\/uploads\/2019\/08\/vaccine6-768x281.png 768w, https:\/\/www.kolabtree.com\/blog\/wp-content\/uploads\/2019\/08\/vaccine6.png 1033w\" sizes=\"(max-width: 702px) 100vw, 702px\" \/><\/span><\/p>\n<p><span style=\"font-weight: 400;\">Come per la domanda precedente, possiamo vedere che la maggior parte delle persone sono critiche nei confronti degli account dei social media anti-vax, con l'86,5% delle persone che credono che questa non sia una fonte credibile di informazioni sui vaccini, contro solo il 13,5% che ritiene che lo sia.<\/span><\/p>\n<h2><span class=\"ez-toc-section\" id=\"6_Facebook_Google_Amazon_and_Other_Companies_Have_Pledged_to_Reduce_the_Visibility_of_Anti-Vaccine_Information_Do_You_See_Less_Anti-Vaccine_Content_Online_Now\"><\/span><b>6. Facebook, Google, Amazon e altre aziende si sono impegnate a ridurre la visibilit\u00e0 delle informazioni anti-vaccino. Vedi meno contenuti anti-vaccini online ora?<\/b><span class=\"ez-toc-section-end\"><\/span><\/h2>\n<p><img decoding=\"async\" loading=\"lazy\" class=\"alignnone wp-image-5911 size-full\" src=\"https:\/\/blog.kolabtree.com\/wp-content\/uploads\/2019\/08\/vaccine8.png\" alt=\"\" width=\"983\" height=\"332\" srcset=\"https:\/\/www.kolabtree.com\/blog\/wp-content\/uploads\/2019\/08\/vaccine8.png 983w, https:\/\/www.kolabtree.com\/blog\/wp-content\/uploads\/2019\/08\/vaccine8-300x101.png 300w, https:\/\/www.kolabtree.com\/blog\/wp-content\/uploads\/2019\/08\/vaccine8-768x259.png 768w\" sizes=\"(max-width: 983px) 100vw, 983px\" \/><\/p>\n<p><span style=\"font-weight: 400;\">Dopo che i medici si sono chiesti se aziende come Google, Facebook e Amazon <\/span><a href=\"https:\/\/www.cbsnews.com\/news\/tech-companies-fight-against-vaccine-misinformation-prompts-free-speech-debate\/\"><span style=\"font-weight: 400;\">condividere parte della colpa<\/span><\/a><span style=\"font-weight: 400;\"> nell'aumento dei bambini che non vengono vaccinati, queste stesse aziende hanno accettato di prendere provvedimenti per limitare la diffusione di questa disinformazione. Sembra che in generale, le persone non sono consapevoli di questo cambiamento, con il 72.4% delle persone che dicono di non essere sicure se stanno vedendo pi\u00f9 o meno contenuti relativi alle vaccinazioni e all'autismo. 17.8%, tuttavia, sono diventati consapevoli di meno contenuti anti-vax sui social media, che \u00e8 un primo passo positivo e una notizia promettente per l'informazione medica in generale.<\/span><\/p>\n<h2><span class=\"ez-toc-section\" id=\"What_We_Learned_from_This_Study\"><\/span><b>Cosa abbiamo imparato da questo studio<\/b><span class=\"ez-toc-section-end\"><\/span><\/h2>\n<p><span style=\"font-weight: 400;\">In definitiva, questo studio \u00e8 stato rassicurante nel confermare che la maggior parte della gente sembra avere la testa a posto quando si tratta della scienza dei vaccini MMR e dell'autismo. La maggior parte delle persone non crede nella relazione e non \u00e8 influenzata da account fuorvianti sui social media. Il fatto che ci siano cos\u00ec tante persone che sembrano indecise, tuttavia, \u00e8 preoccupante. Sostiene inoltre che \u00e8 vitale che aziende come Google, Facebook e Amazon prendano misure per evitare che le persone siano esposte a contenuti medici fuorvianti - e pericolosi.<\/span><\/p>\n<p><b>&#8212;<br \/>\nStai cercando uno scienziato professionista qualificato che ti aiuti a realizzare studi di ricerca o a verificare informazioni? <\/b><a href=\"https:\/\/www.kolabtree.com\/find-an-expert?utm_source=Blog&amp;utm_medium=Post&amp;utm_campaign=Vaccines-Autism\"><b>Assumi scienziati freelance su Kolabtree<\/b><\/a><b> e siate certi che il vostro progetto \u00e8 in mani capaci.<\/b><\/p>\n<p><em>&#8212;<br \/>\nTrova <a href=\"https:\/\/jooble.org\/jobs-medical\">lavori medici<\/a> dai migliori datori di lavoro.\u00a0<\/em><\/p>","protected":false},"excerpt":{"rendered":"<p>The subject of vaccinations and autism is one that divides people and evokes a great deal of heated debate. Do vaccines cause autism? What does the science say? And what does the UK public really believe? In our new study, we canvassed opinion to see how pervasive bad science can be. Inaccurate or misleading medical<\/p>\n<div class=\"read-more\"><a href=\"https:\/\/www.kolabtree.com\/blog\/it\/do-vaccines-cause-autism-new-kolabtree-study-explores-public-views\/\" title=\"Per saperne di pi\u00f9\">Per saperne di pi\u00f9<\/a><\/div>","protected":false},"author":12,"featured_media":5912,"comment_status":"open","ping_status":"open","sticky":false,"template":"","format":"standard","meta":[],"categories":[314],"tags":[],"acf":[],"yoast_head":"<!-- This site is optimized with the Yoast SEO Premium plugin v20.1 (Yoast SEO v20.1) - https:\/\/yoast.com\/wordpress\/plugins\/seo\/ -->\n<title>Do Vaccines Cause Autism? Study Explores Public Views | Kolabtree<\/title>\n<meta name=\"description\" content=\"Do vaccines cause autism? Our new study reveals generational and gender divides and examines public views to explore the pervasiveness of bad science\" \/>\n<meta name=\"robots\" content=\"index, follow, max-snippet:-1, max-image-preview:large, max-video-preview:-1\" \/>\n<link rel=\"canonical\" href=\"https:\/\/www.kolabtree.com\/blog\/it\/do-vaccines-cause-autism-new-kolabtree-study-explores-public-views\/\" \/>\n<meta property=\"og:locale\" content=\"it_IT\" \/>\n<meta property=\"og:type\" content=\"article\" \/>\n<meta property=\"og:title\" content=\"Do Vaccines Cause Autism? New Kolabtree Study Explores Public Views\" \/>\n<meta property=\"og:description\" content=\"Do vaccines cause autism? Our new study reveals generational and gender divides and examines public views to explore the pervasiveness of bad science\" \/>\n<meta property=\"og:url\" content=\"https:\/\/www.kolabtree.com\/blog\/it\/do-vaccines-cause-autism-new-kolabtree-study-explores-public-views\/\" \/>\n<meta property=\"og:site_name\" content=\"The Kolabtree Blog\" \/>\n<meta property=\"article:publisher\" content=\"https:\/\/www.facebook.com\/kolabtree\" \/>\n<meta property=\"article:published_time\" content=\"2019-08-20T10:22:45+00:00\" \/>\n<meta property=\"article:modified_time\" content=\"2020-11-09T08:59:24+00:00\" \/>\n<meta property=\"og:image\" content=\"https:\/\/www.kolabtree.com\/blog\/wp-content\/uploads\/2019\/08\/vaccines-autism-poll.jpg\" \/>\n\t<meta property=\"og:image:width\" content=\"1000\" \/>\n\t<meta property=\"og:image:height\" content=\"667\" \/>\n\t<meta property=\"og:image:type\" content=\"image\/jpeg\" \/>\n<meta name=\"author\" content=\"Ramya Sriram\" \/>\n<meta name=\"twitter:card\" content=\"summary_large_image\" \/>\n<meta name=\"twitter:creator\" content=\"@kolabtree\" \/>\n<meta name=\"twitter:site\" content=\"@kolabtree\" \/>\n<meta name=\"twitter:label1\" content=\"Scritto da\" \/>\n\t<meta name=\"twitter:data1\" content=\"Ramya Sriram\" \/>\n\t<meta name=\"twitter:label2\" content=\"Tempo di lettura stimato\" \/>\n\t<meta name=\"twitter:data2\" content=\"8 minuti\" \/>\n<!-- \/ Yoast SEO Premium plugin. -->","yoast_head_json":{"title":"Do Vaccines Cause Autism? Study Explores Public Views | Kolabtree","description":"Do vaccines cause autism? Our new study reveals generational and gender divides and examines public views to explore the pervasiveness of bad science","robots":{"index":"index","follow":"follow","max-snippet":"max-snippet:-1","max-image-preview":"max-image-preview:large","max-video-preview":"max-video-preview:-1"},"canonical":"https:\/\/www.kolabtree.com\/blog\/it\/do-vaccines-cause-autism-new-kolabtree-study-explores-public-views\/","og_locale":"it_IT","og_type":"article","og_title":"Do Vaccines Cause Autism? New Kolabtree Study Explores Public Views","og_description":"Do vaccines cause autism? Our new study reveals generational and gender divides and examines public views to explore the pervasiveness of bad science","og_url":"https:\/\/www.kolabtree.com\/blog\/it\/do-vaccines-cause-autism-new-kolabtree-study-explores-public-views\/","og_site_name":"The Kolabtree Blog","article_publisher":"https:\/\/www.facebook.com\/kolabtree","article_published_time":"2019-08-20T10:22:45+00:00","article_modified_time":"2020-11-09T08:59:24+00:00","og_image":[{"width":1000,"height":667,"url":"https:\/\/www.kolabtree.com\/blog\/wp-content\/uploads\/2019\/08\/vaccines-autism-poll.jpg","type":"image\/jpeg"}],"author":"Ramya Sriram","twitter_card":"summary_large_image","twitter_creator":"@kolabtree","twitter_site":"@kolabtree","twitter_misc":{"Scritto da":"Ramya Sriram","Tempo di lettura stimato":"8 minuti"},"schema":{"@context":"https:\/\/schema.org","@graph":[{"@type":"Article","@id":"https:\/\/www.kolabtree.com\/blog\/de\/do-vaccines-cause-autism-new-kolabtree-study-explores-public-views\/#article","isPartOf":{"@id":"https:\/\/www.kolabtree.com\/blog\/de\/do-vaccines-cause-autism-new-kolabtree-study-explores-public-views\/"},"author":{"name":"Ramya Sriram","@id":"https:\/\/www.kolabtree.com\/blog\/#\/schema\/person\/81992f5863a1b06d132a47822e7b4400"},"headline":"Do Vaccines Cause Autism? New Kolabtree Study Explores Public Views","datePublished":"2019-08-20T10:22:45+00:00","dateModified":"2020-11-09T08:59:24+00:00","mainEntityOfPage":{"@id":"https:\/\/www.kolabtree.com\/blog\/de\/do-vaccines-cause-autism-new-kolabtree-study-explores-public-views\/"},"wordCount":1533,"commentCount":0,"publisher":{"@id":"https:\/\/www.kolabtree.com\/blog\/#organization"},"articleSection":["News &amp; Events"],"inLanguage":"it-IT","potentialAction":[{"@type":"CommentAction","name":"Comment","target":["https:\/\/www.kolabtree.com\/blog\/de\/do-vaccines-cause-autism-new-kolabtree-study-explores-public-views\/#respond"]}]},{"@type":"WebPage","@id":"https:\/\/www.kolabtree.com\/blog\/de\/do-vaccines-cause-autism-new-kolabtree-study-explores-public-views\/","url":"https:\/\/www.kolabtree.com\/blog\/de\/do-vaccines-cause-autism-new-kolabtree-study-explores-public-views\/","name":"Do Vaccines Cause Autism? Study Explores Public Views | Kolabtree","isPartOf":{"@id":"https:\/\/www.kolabtree.com\/blog\/#website"},"datePublished":"2019-08-20T10:22:45+00:00","dateModified":"2020-11-09T08:59:24+00:00","description":"Do vaccines cause autism? Our new study reveals generational and gender divides and examines public views to explore the pervasiveness of bad science","breadcrumb":{"@id":"https:\/\/www.kolabtree.com\/blog\/de\/do-vaccines-cause-autism-new-kolabtree-study-explores-public-views\/#breadcrumb"},"inLanguage":"it-IT","potentialAction":[{"@type":"ReadAction","target":["https:\/\/www.kolabtree.com\/blog\/de\/do-vaccines-cause-autism-new-kolabtree-study-explores-public-views\/"]}]},{"@type":"BreadcrumbList","@id":"https:\/\/www.kolabtree.com\/blog\/de\/do-vaccines-cause-autism-new-kolabtree-study-explores-public-views\/#breadcrumb","itemListElement":[{"@type":"ListItem","position":1,"name":"Home","item":"https:\/\/www.kolabtree.com\/blog\/"},{"@type":"ListItem","position":2,"name":"Do Vaccines Cause Autism? New Kolabtree Study Explores Public Views"}]},{"@type":"WebSite","@id":"https:\/\/www.kolabtree.com\/blog\/#website","url":"https:\/\/www.kolabtree.com\/blog\/","name":"The Kolabtree Blog","description":"Expert Views on Science, Innovation and Product Development","publisher":{"@id":"https:\/\/www.kolabtree.com\/blog\/#organization"},"potentialAction":[{"@type":"SearchAction","target":{"@type":"EntryPoint","urlTemplate":"https:\/\/www.kolabtree.com\/blog\/?s={search_term_string}"},"query-input":"required name=search_term_string"}],"inLanguage":"it-IT"},{"@type":"Organization","@id":"https:\/\/www.kolabtree.com\/blog\/#organization","name":"Kolabtree","url":"https:\/\/www.kolabtree.com\/blog\/","logo":{"@type":"ImageObject","inLanguage":"it-IT","@id":"https:\/\/www.kolabtree.com\/blog\/#\/schema\/logo\/image\/","url":"","contentUrl":"","caption":"Kolabtree"},"image":{"@id":"https:\/\/www.kolabtree.com\/blog\/#\/schema\/logo\/image\/"},"sameAs":["https:\/\/www.facebook.com\/kolabtree","https:\/\/twitter.com\/kolabtree","https:\/\/instagram.com\/kolabtree","https:\/\/www.linkedin.com\/company\/kolabtree","https:\/\/en.m.wikipedia.org\/wiki\/Kolabtree"]},{"@type":"Person","@id":"https:\/\/www.kolabtree.com\/blog\/#\/schema\/person\/81992f5863a1b06d132a47822e7b4400","name":"Ramya Sriram","image":{"@type":"ImageObject","inLanguage":"it-IT","@id":"https:\/\/www.kolabtree.com\/blog\/#\/schema\/person\/image\/","url":"https:\/\/secure.gravatar.com\/avatar\/8100b45c960ebbbbe420e8b3f250515f?s=96&d=mm&r=g","contentUrl":"https:\/\/secure.gravatar.com\/avatar\/8100b45c960ebbbbe420e8b3f250515f?s=96&d=mm&r=g","caption":"Ramya Sriram"},"description":"Ramya Sriram manages digital content and communications at Kolabtree (kolabtree.com), the world's largest freelancing platform for scientists. She has over a decade of experience in publishing, advertising and digital content creation.","url":"https:\/\/www.kolabtree.com\/blog\/it\/author\/ramyas\/"}]}},"amp_enabled":true,"_links":{"self":[{"href":"https:\/\/www.kolabtree.com\/blog\/it\/wp-json\/wp\/v2\/posts\/5901"}],"collection":[{"href":"https:\/\/www.kolabtree.com\/blog\/it\/wp-json\/wp\/v2\/posts"}],"about":[{"href":"https:\/\/www.kolabtree.com\/blog\/it\/wp-json\/wp\/v2\/types\/post"}],"author":[{"embeddable":true,"href":"https:\/\/www.kolabtree.com\/blog\/it\/wp-json\/wp\/v2\/users\/12"}],"replies":[{"embeddable":true,"href":"https:\/\/www.kolabtree.com\/blog\/it\/wp-json\/wp\/v2\/comments?post=5901"}],"version-history":[{"count":5,"href":"https:\/\/www.kolabtree.com\/blog\/it\/wp-json\/wp\/v2\/posts\/5901\/revisions"}],"predecessor-version":[{"id":8534,"href":"https:\/\/www.kolabtree.com\/blog\/it\/wp-json\/wp\/v2\/posts\/5901\/revisions\/8534"}],"wp:featuredmedia":[{"embeddable":true,"href":"https:\/\/www.kolabtree.com\/blog\/it\/wp-json\/wp\/v2\/media\/5912"}],"wp:attachment":[{"href":"https:\/\/www.kolabtree.com\/blog\/it\/wp-json\/wp\/v2\/media?parent=5901"}],"wp:term":[{"taxonomy":"category","embeddable":true,"href":"https:\/\/www.kolabtree.com\/blog\/it\/wp-json\/wp\/v2\/categories?post=5901"},{"taxonomy":"post_tag","embeddable":true,"href":"https:\/\/www.kolabtree.com\/blog\/it\/wp-json\/wp\/v2\/tags?post=5901"}],"curies":[{"name":"wp","href":"https:\/\/api.w.org\/{rel}","templated":true}]}}