{"id":5901,"date":"2019-08-20T10:22:45","date_gmt":"2019-08-20T10:22:45","guid":{"rendered":"https:\/\/blog.kolabtree.com\/?p=5901"},"modified":"2020-11-09T08:59:24","modified_gmt":"2020-11-09T08:59:24","slug":"do-vaccines-cause-autism-new-kolabtree-study-explores-public-views","status":"publish","type":"post","link":"https:\/\/www.kolabtree.com\/blog\/fr\/do-vaccines-cause-autism-new-kolabtree-study-explores-public-views\/","title":{"rendered":"Les vaccins provoquent-ils l'autisme ? Une nouvelle \u00e9tude de Kolabtree explore les opinions du public"},"content":{"rendered":"<div id=\"ez-toc-container\" class=\"ez-toc-v2_0_45_1 counter-flat ez-toc-counter ez-toc-grey ez-toc-container-direction\">\n<div class=\"ez-toc-title-container\">\n<p class=\"ez-toc-title\">Table des mati\u00e8res<\/p>\n<span class=\"ez-toc-title-toggle\"><a href=\"#\" class=\"ez-toc-pull-right ez-toc-btn ez-toc-btn-xs ez-toc-btn-default ez-toc-toggle\" area-label=\"ez-toc-toggle-icon-1\"><label for=\"item-69f3a0eb1f738\" aria-label=\"Table des mati\u00e8res\"><span style=\"display: flex;align-items: center;width: 35px;height: 30px;justify-content: center;direction:ltr;\"><svg style=\"fill: #999;color:#999\" xmlns=\"http:\/\/www.w3.org\/2000\/svg\" class=\"list-377408\" width=\"20px\" height=\"20px\" viewbox=\"0 0 24 24\" fill=\"none\"><path d=\"M6 6H4v2h2V6zm14 0H8v2h12V6zM4 11h2v2H4v-2zm16 0H8v2h12v-2zM4 16h2v2H4v-2zm16 0H8v2h12v-2z\" fill=\"currentColor\"><\/path><\/svg><svg style=\"fill: #999;color:#999\" class=\"arrow-unsorted-368013\" xmlns=\"http:\/\/www.w3.org\/2000\/svg\" width=\"10px\" height=\"10px\" viewbox=\"0 0 24 24\" version=\"1.2\" baseprofile=\"tiny\"><path d=\"M18.2 9.3l-6.2-6.3-6.2 6.3c-.2.2-.3.4-.3.7s.1.5.3.7c.2.2.4.3.7.3h11c.3 0 .5-.1.7-.3.2-.2.3-.5.3-.7s-.1-.5-.3-.7zM5.8 14.7l6.2 6.3 6.2-6.3c.2-.2.3-.5.3-.7s-.1-.5-.3-.7c-.2-.2-.4-.3-.7-.3h-11c-.3 0-.5.1-.7.3-.2.2-.3.5-.3.7s.1.5.3.7z\"\/><\/svg><\/span><\/label><input  type=\"checkbox\" id=\"item-69f3a0eb1f738\"><\/a><\/span><\/div>\n<nav><ul class='ez-toc-list ez-toc-list-level-1' ><li class='ez-toc-page-1'><a class=\"ez-toc-link ez-toc-heading-1\" href=\"https:\/\/www.kolabtree.com\/blog\/fr\/do-vaccines-cause-autism-new-kolabtree-study-explores-public-views\/#Do_Vaccines_Cause_Autism\" title=\"Les vaccins provoquent-ils l&#039;autisme ?\">Les vaccins provoquent-ils l'autisme ?<\/a><\/li><li class='ez-toc-page-1'><a class=\"ez-toc-link ez-toc-heading-2\" href=\"https:\/\/www.kolabtree.com\/blog\/fr\/do-vaccines-cause-autism-new-kolabtree-study-explores-public-views\/#Why_We_Conducted_This_Study\" title=\"Pourquoi nous avons men\u00e9 cette \u00e9tude\">Pourquoi nous avons men\u00e9 cette \u00e9tude<\/a><\/li><li class='ez-toc-page-1'><a class=\"ez-toc-link ez-toc-heading-3\" href=\"https:\/\/www.kolabtree.com\/blog\/fr\/do-vaccines-cause-autism-new-kolabtree-study-explores-public-views\/#1_Do_You_Believe_Vaccines_Cause_Autism\" title=\"1. Croyez-vous que les vaccins causent l&#039;autisme ?\">1. Croyez-vous que les vaccins causent l'autisme ?<\/a><\/li><li class='ez-toc-page-1'><a class=\"ez-toc-link ez-toc-heading-4\" href=\"https:\/\/www.kolabtree.com\/blog\/fr\/do-vaccines-cause-autism-new-kolabtree-study-explores-public-views\/#2_Do_You_Believe_the_Dangers_of_Vaccinations_Outweigh_the_Benefits\" title=\"2. Croyez-vous que les dangers des vaccins l&#039;emportent sur les avantages ?\">2. Croyez-vous que les dangers des vaccins l'emportent sur les avantages ?<\/a><\/li><li class='ez-toc-page-1'><a class=\"ez-toc-link ez-toc-heading-5\" href=\"https:\/\/www.kolabtree.com\/blog\/fr\/do-vaccines-cause-autism-new-kolabtree-study-explores-public-views\/#3_Have_You_Personally_Seen_Any_Anti-Vaccine_Content_on_One_or_More_of_the_Following_Platforms\" title=\"3. Avez-vous personnellement vu du contenu anti-vaccin sur une ou plusieurs des plateformes suivantes ?\">3. Avez-vous personnellement vu du contenu anti-vaccin sur une ou plusieurs des plateformes suivantes ?<\/a><\/li><li class='ez-toc-page-1'><a class=\"ez-toc-link ez-toc-heading-6\" href=\"https:\/\/www.kolabtree.com\/blog\/fr\/do-vaccines-cause-autism-new-kolabtree-study-explores-public-views\/#4_Do_You_Think_the_Post_Below_Is_a_Credible_Source_of_Information_about_Vaccines\" title=\"4. Pensez-vous que l&#039;article ci-dessous est une source d&#039;information cr\u00e9dible sur les vaccins ?\">4. Pensez-vous que l'article ci-dessous est une source d'information cr\u00e9dible sur les vaccins ?<\/a><\/li><li class='ez-toc-page-1'><a class=\"ez-toc-link ez-toc-heading-7\" href=\"https:\/\/www.kolabtree.com\/blog\/fr\/do-vaccines-cause-autism-new-kolabtree-study-explores-public-views\/#5_Do_You_Think_That_the_Account_in_the_Picture_Below_Is_a_Credible_Source_of_Information_about_Vaccines\" title=\"5. Pensez-vous que le compte de l&#039;image ci-dessous est une source d&#039;information cr\u00e9dible sur les vaccins ?\">5. Pensez-vous que le compte de l'image ci-dessous est une source d'information cr\u00e9dible sur les vaccins ?<\/a><\/li><li class='ez-toc-page-1'><a class=\"ez-toc-link ez-toc-heading-8\" href=\"https:\/\/www.kolabtree.com\/blog\/fr\/do-vaccines-cause-autism-new-kolabtree-study-explores-public-views\/#6_Facebook_Google_Amazon_and_Other_Companies_Have_Pledged_to_Reduce_the_Visibility_of_Anti-Vaccine_Information_Do_You_See_Less_Anti-Vaccine_Content_Online_Now\" title=\"6. Facebook, Google, Amazon et d&#039;autres soci\u00e9t\u00e9s se sont engag\u00e9es \u00e0 r\u00e9duire la visibilit\u00e9 des informations anti-vaccins. Voyez-vous moins de contenu anti-vaccin en ligne maintenant ?\">6. Facebook, Google, Amazon et d'autres soci\u00e9t\u00e9s se sont engag\u00e9es \u00e0 r\u00e9duire la visibilit\u00e9 des informations anti-vaccins. Voyez-vous moins de contenu anti-vaccin en ligne maintenant ?<\/a><\/li><li class='ez-toc-page-1'><a class=\"ez-toc-link ez-toc-heading-9\" href=\"https:\/\/www.kolabtree.com\/blog\/fr\/do-vaccines-cause-autism-new-kolabtree-study-explores-public-views\/#What_We_Learned_from_This_Study\" title=\"Ce que nous avons appris de cette \u00e9tude\">Ce que nous avons appris de cette \u00e9tude<\/a><\/li><\/ul><\/nav><\/div>\n<p><b>Le sujet des vaccins et de l'autisme divise les gens et suscite de nombreux d\u00e9bats passionn\u00e9s. Les vaccins provoquent-ils l'autisme ? Que dit la science ? Et que croit r\u00e9ellement le public britannique ? Dans notre nouvelle \u00e9tude, nous avons sond\u00e9 l'opinion pour voir \u00e0 quel point la mauvaise science peut \u00eatre omnipr\u00e9sente.<\/b><\/p>\n<p><span style=\"font-weight: 400;\">Les informations m\u00e9dicales inexactes ou trompeuses sont dangereuses. Elles peuvent emp\u00eacher les gens d'obtenir les soins m\u00e9dicaux dont ils ont besoin et les pousser \u00e0 agir d'une mani\u00e8re qui est loin d'\u00eatre optimale pour leur sant\u00e9. Comme le montre le site <\/span><a href=\"https:\/\/journalofethics.ama-assn.org\/article\/why-health-professionals-should-speak-out-against-false-beliefs-internet\/2018-11\"><span style=\"font-weight: 400;\">une source affirme<\/span><\/a><span style=\"font-weight: 400;\">la \"large diffusion et consommation d'informations sanitaires fausses ou trompeuses, amplifi\u00e9e par l'internet, pose des risques pour la sant\u00e9 publique et des probl\u00e8mes tant pour l'entreprise de soins de sant\u00e9 que pour le gouvernement\".<\/span><\/p>\n<p><span style=\"font-weight: 400;\">Lorsqu'on parle d'informations m\u00e9dicales trompeuses et de mythes sanitaires en g\u00e9n\u00e9ral, il n'y a pas de meilleur exemple que celui du lien entre les vaccins et l'autisme. Ce sujet suscite beaucoup de passion et, dans de nombreuses situations, de la col\u00e8re. Pour comprendre la perception du public sur les vaccins et savoir s'ils causent ou non l'autisme, l'\u00e9quipe de <\/span><a href=\"https:\/\/www.kolabtree.com\/?utm_source=Blog&amp;utm_medium=Post&amp;utm_campaign=Vaccines-Autism\"><span style=\"font-weight: 400;\">Kolabtree<\/span><\/a><span style=\"font-weight: 400;\"> a men\u00e9 une \u00e9tude. Celle-ci vise \u00e0 explorer la mani\u00e8re dont les fausses informations m\u00e9dicales sont diffus\u00e9es, \u00e0 quel point les informations m\u00e9dicales trompeuses peuvent \u00eatre r\u00e9pandues et dangereuses et le r\u00f4le que joue Internet dans la diffusion de ces informations.<\/span><\/p>\n<h2><span class=\"ez-toc-section\" id=\"Do_Vaccines_Cause_Autism\"><\/span><b>Les vaccins provoquent-ils l'autisme ?<\/b><span class=\"ez-toc-section-end\"><\/span><\/h2>\n<p><span style=\"font-weight: 400;\">Avant d'examiner plus en d\u00e9tail les raisons de cette \u00e9tude et ce qu'elle a r\u00e9v\u00e9l\u00e9, nous pensons qu'il est n\u00e9cessaire de discuter des aspects scientifiques. Les vaccins provoquent-ils l'autisme ?<\/span><\/p>\n<p><span style=\"font-weight: 400;\">La r\u00e9ponse courte est non. Les vaccins ne causent pas l'autisme. Une importante \u00e9tude de cohorte \u00e0 l'\u00e9chelle de la population a r\u00e9cemment confirm\u00e9, une fois de plus, qu'il n'y a pas de lien entre les vaccins et l'autisme. <\/span><a href=\"https:\/\/www.nhs.uk\/news\/medication\/no-link-between-mmr-and-autism-major-study-finds\/\"><span style=\"font-weight: 400;\">aucun lien prouv\u00e9 entre l'autisme et le vaccin ROR<\/span><\/a><span style=\"font-weight: 400;\">. Mais cette \u00e9tude est loin d'\u00eatre un cas isol\u00e9. Au fil des ans, de nombreuses \u00e9tudes r\u00e9put\u00e9es ont \u00e9t\u00e9 men\u00e9es et il n'y a, \u00e0 ce jour, <\/span><a href=\"https:\/\/www.historyofvaccines.org\/content\/articles\/do-vaccines-cause-autism\"><span style=\"font-weight: 400;\">aucun lien prouv\u00e9<\/span><\/a><span style=\"font-weight: 400;\"> entre l'autisme et le ROR.\u00a0<\/span><\/p>\n<p><span style=\"font-weight: 400;\">In an ideal world, this knowledge would be enough to put a parent\u2019s mind at rest, and yet the MMR-autism link continues to endure and studies continue to be carried out, eating up valuable <a href=\"https:\/\/www.kolabtree.com\/blog\/fr\/ensuring-reproducibility-in-ai-driven-research-how-freelance-experts-can-help-in-biotech-and-healthcare\/\">recherche<\/a> time and funding that could be used to make advances in autism. But why is this connection still so pervasive? Where did this health myth come from in the first place?<\/span><\/p>\n<p><b>Pourquoi les gens croient-ils que les vaccins causent l'autisme ?<\/b><\/p>\n<p><span style=\"font-weight: 400;\">Ce mythe m\u00e9dical est n\u00e9 en 1997 \u00e0 la suite de la publication d'une <\/span><a href=\"https:\/\/www.publichealth.org\/public-awareness\/understanding-vaccines\/vaccine-myths-debunked\/\"><span style=\"font-weight: 400;\">l'\u00e9tude du chirurgien britannique Andrew Wakefield<\/span><\/a><span style=\"font-weight: 400;\">. L'article, publi\u00e9 dans The Lancet, une prestigieuse revue m\u00e9dicale, laissait entendre que le vaccin contre la rougeole, les oreillons et la rub\u00e9ole (ROR) augmentait l'incidence de l'autisme chez les enfants britanniques.<\/span><\/p>\n<p><span style=\"font-weight: 400;\">L'\u00e9tude en question portait sur huit enfants. Ce chiffre est remarquable si l'on consid\u00e8re les retomb\u00e9es qui ont fini par se produire, et il souligne l'importance de prot\u00e9ger le public contre les fausses informations m\u00e9dicales. L'\u00e9tude a \u00e9t\u00e9 imm\u00e9diatement r\u00e9fut\u00e9e et discr\u00e9dit\u00e9e en raison de graves erreurs de proc\u00e9dure, de violations \u00e9thiques et de conflits d'int\u00e9r\u00eats financiers non divulgu\u00e9s. L'article a \u00e9t\u00e9 retir\u00e9 de la revue The Lancet et Wakefield a perdu sa licence m\u00e9dicale.\u00a0<\/span><\/p>\n<p><span style=\"font-weight: 400;\">Malheureusement, le mal \u00e9tait fait. Des parents terrifi\u00e9s avaient entendu la nouvelle et avaient commenc\u00e9 \u00e0 retarder, voire \u00e0 refuser carr\u00e9ment, la vaccination de leurs enfants. Vaccine <\/span><a href=\"https:\/\/www.independent.co.uk\/life-style\/health-and-families\/despite-scepticism-europe-has-high-vaccination-rates-but-it-shouldn-t-be-complacent-a7702081.html\"><span style=\"font-weight: 400;\">l'adoption en Grande-Bretagne s'est effondr\u00e9e<\/span><\/a><span style=\"font-weight: 400;\">. Aujourd'hui encore, le nombre de p\u00e9diatres d\u00e9clarant des refus de vaccins a <\/span><a href=\"https:\/\/www.healthleadersmedia.com\/strategy\/anti-vax-movement-growing\"><span style=\"font-weight: 400;\">a augment\u00e9 de mani\u00e8re significative<\/span><\/a><span style=\"font-weight: 400;\">. Depuis la publication de l'article dans The Lancet, les rumeurs se sont multipli\u00e9es et la d\u00e9sinformation a \u00e9t\u00e9 propag\u00e9e et amplifi\u00e9e par l'internet.<\/span><\/p>\n<h2><span class=\"ez-toc-section\" id=\"Why_We_Conducted_This_Study\"><\/span><b>Pourquoi nous avons men\u00e9 cette \u00e9tude<\/b><span class=\"ez-toc-section-end\"><\/span><\/h2>\n<p><span style=\"font-weight: 400;\">Avec cette \u00e9tude, nous voulions obtenir un reflet pr\u00e9cis de l'attitude des gens \u00e0 l'\u00e9gard de ce mythe sanitaire.  L'inqui\u00e9tude concernant le vaccin ROR semble particuli\u00e8rement pertinente aujourd'hui, \u00e9tant donn\u00e9 que le <\/span><a href=\"https:\/\/metro.co.uk\/2019\/08\/19\/boris-johnson-takes-anti-vaxxers-uk-loses-measles-free-status-10593190\/\"><span style=\"font-weight: 400;\">Le Royaume-Uni a r\u00e9cemment perdu son statut de pays \"exempt de rougeole\".<\/span><\/a><span style=\"font-weight: 400;\"> avec l'Organisation mondiale de la sant\u00e9 (OMS), trois ans apr\u00e8s l'\u00e9limination du virus au Royaume-Uni. Aujourd'hui, seuls 87,2% des enfants britanniques ont re\u00e7u leur deuxi\u00e8me dose du vaccin, contre 88,6% en 2014-2015. Au premier trimestre 2019, 231 cas de rougeole ont \u00e9t\u00e9 confirm\u00e9s au Royaume-Uni.<\/span><\/p>\n<p><span style=\"font-weight: 400;\">En tant qu'experts m\u00e9dicaux et chercheurs, nous voulions savoir si les gens croient vraiment que les vaccins causent l'autisme et examiner si, \u00e0 l'\u00e8re des m\u00e9dias sociaux, le public est plus facilement induit en erreur par la d\u00e9sinformation m\u00e9dicale. Enfin, nous voulions d\u00e9couvrir si, oui ou non, les <\/span><a href=\"https:\/\/blog.kolabtree.com\/how-healthcare-companies-can-recover-from-the-medic-update-in-3-steps\/\"><span style=\"font-weight: 400;\">Mise \u00e0 jour de Medic<\/span><\/a><span style=\"font-weight: 400;\"> a eu un impact significatif sur le nombre de personnes consultant et \u00e9tant influenc\u00e9es par des informations m\u00e9dicales inexactes concernant les vaccins.<\/span><\/p>\n<p><span style=\"font-weight: 400;\">Nous abordons ci-dessous les questions que nous avons pos\u00e9es au public et les r\u00e9ponses qui ont \u00e9t\u00e9 fournies.<\/span><\/p>\n<h2><span class=\"ez-toc-section\" id=\"1_Do_You_Believe_Vaccines_Cause_Autism\"><\/span><b>1. Croyez-vous que les vaccins causent l'autisme ?<\/b><span class=\"ez-toc-section-end\"><\/span><\/h2>\n<p><img decoding=\"async\" loading=\"lazy\" class=\"alignnone wp-image-5904 size-large\" src=\"https:\/\/blog.kolabtree.com\/wp-content\/uploads\/2019\/08\/vaccine1-1024x329.png\" alt=\"\" width=\"702\" height=\"226\" srcset=\"https:\/\/www.kolabtree.com\/blog\/wp-content\/uploads\/2019\/08\/vaccine1-1024x329.png 1024w, https:\/\/www.kolabtree.com\/blog\/wp-content\/uploads\/2019\/08\/vaccine1-300x96.png 300w, https:\/\/www.kolabtree.com\/blog\/wp-content\/uploads\/2019\/08\/vaccine1-768x247.png 768w, https:\/\/www.kolabtree.com\/blog\/wp-content\/uploads\/2019\/08\/vaccine1.png 1028w\" sizes=\"(max-width: 702px) 100vw, 702px\" \/><\/p>\n<p><span style=\"font-weight: 400;\">Les r\u00e9sultats de cette question sont plut\u00f4t r\u00e9confortants. Sur la base de notre \u00e9chantillon, il appara\u00eet que la majorit\u00e9 des personnes croient fermement qu'il n'y a aucun lien entre le vaccin ROR et l'autisme.<\/span><\/p>\n<p><span style=\"font-weight: 400;\">Si l'on examine la diff\u00e9rence entre les opinions des hommes et des femmes, on constate une diff\u00e9rence l\u00e9g\u00e8re mais non significative. Les femmes sont plus nombreuses (66,5%) que les hommes (63,9%) \u00e0 r\u00e9pondre qu'elles ne croient pas \u00e0 l'existence d'une relation de cause \u00e0 effet.\u00a0<\/span><\/p>\n<p><span style=\"font-weight: 400;\">Selon nos recherches, le groupe d'\u00e2ge le plus susceptible de croire que les vaccins causent l'autisme est celui des 35-44 ans (11%). Dans ce groupe, 16% des hommes ont d\u00e9clar\u00e9 croire que les vaccins causent l'autisme, contre seulement 4,7% des femmes. Cependant, les femmes ont tendance \u00e0 \u00eatre plus incertaines. Dans ce groupe d'\u00e2ge. 32,3% des femmes ont d\u00e9clar\u00e9 ne pas \u00eatre s\u00fbres de la relation - contre seulement 15% des hommes.\u00a0<\/span><\/p>\n<p><span style=\"font-weight: 400;\">Ce qui est l\u00e9g\u00e8rement inqui\u00e9tant dans ces donn\u00e9es, c'est le nombre de personnes qui sont ind\u00e9cises quant \u00e0 la relation entre les vaccins et l'autisme. Malgr\u00e9 les \u00e9tudes et les faits disponibles, certaines personnes ont de la place pour le doute. En fait, si l'on additionne les personnes qui pensent qu'il y a <\/span><i><span style=\"font-weight: 400;\">est <\/span><\/i><span style=\"font-weight: 400;\">un lien entre l'autisme et les vaccins et ceux qui n'en sont pas s\u00fbrs, on constate que 34,7% de la population a subi l'impact n\u00e9gatif de fausses informations m\u00e9dicales.<\/span><\/p>\n<h2><span class=\"ez-toc-section\" id=\"2_Do_You_Believe_the_Dangers_of_Vaccinations_Outweigh_the_Benefits\"><\/span><b>2. Croyez-vous que les dangers des vaccins l'emportent sur les avantages ?<\/b><span class=\"ez-toc-section-end\"><\/span><\/h2>\n<p><img decoding=\"async\" loading=\"lazy\" class=\"alignnone wp-image-5905 size-full\" src=\"https:\/\/blog.kolabtree.com\/wp-content\/uploads\/2019\/08\/vaccine2.png\" alt=\"\" width=\"1026\" height=\"317\" srcset=\"https:\/\/www.kolabtree.com\/blog\/wp-content\/uploads\/2019\/08\/vaccine2.png 1026w, https:\/\/www.kolabtree.com\/blog\/wp-content\/uploads\/2019\/08\/vaccine2-300x93.png 300w, https:\/\/www.kolabtree.com\/blog\/wp-content\/uploads\/2019\/08\/vaccine2-1024x316.png 1024w, https:\/\/www.kolabtree.com\/blog\/wp-content\/uploads\/2019\/08\/vaccine2-768x237.png 768w\" sizes=\"(max-width: 1026px) 100vw, 1026px\" \/><span style=\"font-weight: 400;\">Comme nous pouvons le constater, 62,6% des personnes pensent que les dangers des vaccins ne sont pas sup\u00e9rieurs aux avantages. Cependant, 16,5% des personnes pensent que les dangers sont trop importants, tandis que 21% sont incertaines.<\/span><\/p>\n<p><span style=\"font-weight: 400;\">Chose incroyable, alors que seulement 12,4% des femmes ont d\u00e9clar\u00e9 que les dangers des vaccinations l'emportaient sur les avantages offerts, une proportion notable de 20,6% des hommes de notre enqu\u00eate ont d\u00e9clar\u00e9 que les dangers l'emportaient sur les avantages.<\/span><span style=\"font-weight: 400;\"><br \/>\n<\/span><\/p>\n<p><span style=\"font-weight: 400;\">Les personnes \u00e2g\u00e9es de 65 ans et plus sont les plus enclines \u00e0 croire que les vaccins sont plus dangereux que b\u00e9n\u00e9fiques (29,5%). Si l'on compare ce chiffre aux 7,8% des 25-34 ans qui pensent la m\u00eame chose, on peut clairement affirmer que plus la g\u00e9n\u00e9ration est jeune, plus les participants sont \u00e0 l'aise avec la s\u00e9curit\u00e9 des vaccins.\u00a0<\/span><\/p>\n<h2><span class=\"ez-toc-section\" id=\"3_Have_You_Personally_Seen_Any_Anti-Vaccine_Content_on_One_or_More_of_the_Following_Platforms\"><\/span><b>3. Avez-vous personnellement vu du contenu anti-vaccin sur une ou plusieurs des plateformes suivantes ?<\/b><span class=\"ez-toc-section-end\"><\/span><\/h2>\n<p><img decoding=\"async\" loading=\"lazy\" class=\"alignnone wp-image-5907 size-full\" src=\"https:\/\/blog.kolabtree.com\/wp-content\/uploads\/2019\/08\/vaccine4.png\" alt=\"\" width=\"1013\" height=\"498\" srcset=\"https:\/\/www.kolabtree.com\/blog\/wp-content\/uploads\/2019\/08\/vaccine4.png 1013w, https:\/\/www.kolabtree.com\/blog\/wp-content\/uploads\/2019\/08\/vaccine4-300x147.png 300w, https:\/\/www.kolabtree.com\/blog\/wp-content\/uploads\/2019\/08\/vaccine4-768x378.png 768w, https:\/\/www.kolabtree.com\/blog\/wp-content\/uploads\/2019\/08\/vaccine4-164x82.png 164w\" sizes=\"(max-width: 1013px) 100vw, 1013px\" \/><\/p>\n<p><span style=\"font-weight: 400;\">Nos r\u00e9sultats ont r\u00e9v\u00e9l\u00e9 que, dans l'ensemble, les gens ne voient pas beaucoup de mat\u00e9riel anti-vax sur les m\u00e9dias sociaux, mais quand ils en voient, c'est principalement sur Facebook.<\/span><\/p>\n<p><span style=\"font-weight: 400;\">Nos r\u00e9sultats ont \u00e9galement montr\u00e9 que davantage de jeunes (en particulier ceux \u00e2g\u00e9s de 18 \u00e0 24 ans) ont vu des contenus anti-vaccins sur les m\u00e9dias sociaux. Cela s'explique probablement par le fait qu'ils passent plus de temps sur ces plateformes. Les personnes qui ont vu le moins de contenu sur ces plateformes sont \u00e2g\u00e9es de 65 ans et plus.<\/span><\/p>\n<h2><span class=\"ez-toc-section\" id=\"4_Do_You_Think_the_Post_Below_Is_a_Credible_Source_of_Information_about_Vaccines\"><\/span><b>4. Pensez-vous que l'article ci-dessous est une source d'information cr\u00e9dible sur les vaccins ?<\/b><span class=\"ez-toc-section-end\"><\/span><\/h2>\n<p><span style=\"font-weight: 400;\"><img decoding=\"async\" loading=\"lazy\" class=\"alignnone wp-image-5906 size-full\" src=\"https:\/\/blog.kolabtree.com\/wp-content\/uploads\/2019\/08\/vaccine3.png\" alt=\"\" width=\"1033\" height=\"329\" srcset=\"https:\/\/www.kolabtree.com\/blog\/wp-content\/uploads\/2019\/08\/vaccine3.png 1033w, https:\/\/www.kolabtree.com\/blog\/wp-content\/uploads\/2019\/08\/vaccine3-300x96.png 300w, https:\/\/www.kolabtree.com\/blog\/wp-content\/uploads\/2019\/08\/vaccine3-1024x326.png 1024w, https:\/\/www.kolabtree.com\/blog\/wp-content\/uploads\/2019\/08\/vaccine3-768x245.png 768w\" sizes=\"(max-width: 1033px) 100vw, 1033px\" \/><\/span><\/p>\n<p><img decoding=\"async\" loading=\"lazy\" class=\"alignnone wp-image-5908 size-full\" src=\"https:\/\/blog.kolabtree.com\/wp-content\/uploads\/2019\/08\/vaccine5.png\" alt=\"\" width=\"1152\" height=\"583\" srcset=\"https:\/\/www.kolabtree.com\/blog\/wp-content\/uploads\/2019\/08\/vaccine5.png 1152w, https:\/\/www.kolabtree.com\/blog\/wp-content\/uploads\/2019\/08\/vaccine5-300x152.png 300w, https:\/\/www.kolabtree.com\/blog\/wp-content\/uploads\/2019\/08\/vaccine5-1024x518.png 1024w, https:\/\/www.kolabtree.com\/blog\/wp-content\/uploads\/2019\/08\/vaccine5-768x389.png 768w, https:\/\/www.kolabtree.com\/blog\/wp-content\/uploads\/2019\/08\/vaccine5-1080x547.png 1080w, https:\/\/www.kolabtree.com\/blog\/wp-content\/uploads\/2019\/08\/vaccine5-474x240.png 474w, https:\/\/www.kolabtree.com\/blog\/wp-content\/uploads\/2019\/08\/vaccine5-164x82.png 164w\" sizes=\"(max-width: 1152px) 100vw, 1152px\" \/><\/p>\n<p><span style=\"font-weight: 400;\">La majorit\u00e9 de nos participants se m\u00e9fient de ce compte de m\u00e9dias sociaux, 90,9% affirmant qu'il ne s'agit pas d'une source d'information cr\u00e9dible. Seuls 9,1% pensent qu'il est digne de confiance.<\/span><\/p>\n<p><span style=\"font-weight: 400;\">Si les hommes et les femmes pensent majoritairement qu'il s'agit d'une mauvaise source d'information, les femmes (94,2%) sont plus nombreuses que les hommes (87,2%) \u00e0 le penser.<\/span><\/p>\n<h2><span class=\"ez-toc-section\" id=\"5_Do_You_Think_That_the_Account_in_the_Picture_Below_Is_a_Credible_Source_of_Information_about_Vaccines\"><\/span><b>5. Pensez-vous que le compte de l'image ci-dessous est une source d'information cr\u00e9dible sur les vaccins ?<\/b><span class=\"ez-toc-section-end\"><\/span><\/h2>\n<p><span style=\"font-weight: 400;\"><img decoding=\"async\" loading=\"lazy\" class=\"alignnone wp-image-5910 size-large\" src=\"https:\/\/blog.kolabtree.com\/wp-content\/uploads\/2019\/08\/vaccine7-1024x310.png\" alt=\"\" width=\"702\" height=\"213\" srcset=\"https:\/\/www.kolabtree.com\/blog\/wp-content\/uploads\/2019\/08\/vaccine7-1024x310.png 1024w, https:\/\/www.kolabtree.com\/blog\/wp-content\/uploads\/2019\/08\/vaccine7-300x91.png 300w, https:\/\/www.kolabtree.com\/blog\/wp-content\/uploads\/2019\/08\/vaccine7-768x232.png 768w, https:\/\/www.kolabtree.com\/blog\/wp-content\/uploads\/2019\/08\/vaccine7.png 1025w\" sizes=\"(max-width: 702px) 100vw, 702px\" \/><\/span><\/p>\n<p><span style=\"font-weight: 400;\"><img decoding=\"async\" loading=\"lazy\" class=\"alignnone wp-image-5909 size-large\" src=\"https:\/\/blog.kolabtree.com\/wp-content\/uploads\/2019\/08\/vaccine6-1024x375.png\" alt=\"\" width=\"702\" height=\"257\" srcset=\"https:\/\/www.kolabtree.com\/blog\/wp-content\/uploads\/2019\/08\/vaccine6-1024x375.png 1024w, https:\/\/www.kolabtree.com\/blog\/wp-content\/uploads\/2019\/08\/vaccine6-300x110.png 300w, https:\/\/www.kolabtree.com\/blog\/wp-content\/uploads\/2019\/08\/vaccine6-768x281.png 768w, https:\/\/www.kolabtree.com\/blog\/wp-content\/uploads\/2019\/08\/vaccine6.png 1033w\" sizes=\"(max-width: 702px) 100vw, 702px\" \/><\/span><\/p>\n<p><span style=\"font-weight: 400;\">Comme pour la question pr\u00e9c\u00e9dente, nous pouvons constater que la plupart des gens sont critiques \u00e0 l'\u00e9gard des comptes de m\u00e9dias sociaux anti-vaccins, 86,5% des personnes estimant qu'il ne s'agit pas d'une source d'information cr\u00e9dible sur les vaccins, contre seulement 13,5% qui pensent le contraire.<\/span><\/p>\n<h2><span class=\"ez-toc-section\" id=\"6_Facebook_Google_Amazon_and_Other_Companies_Have_Pledged_to_Reduce_the_Visibility_of_Anti-Vaccine_Information_Do_You_See_Less_Anti-Vaccine_Content_Online_Now\"><\/span><b>6. Facebook, Google, Amazon et d'autres soci\u00e9t\u00e9s se sont engag\u00e9es \u00e0 r\u00e9duire la visibilit\u00e9 des informations anti-vaccins. Voyez-vous moins de contenu anti-vaccin en ligne maintenant ?<\/b><span class=\"ez-toc-section-end\"><\/span><\/h2>\n<p><img decoding=\"async\" loading=\"lazy\" class=\"alignnone wp-image-5911 size-full\" src=\"https:\/\/blog.kolabtree.com\/wp-content\/uploads\/2019\/08\/vaccine8.png\" alt=\"\" width=\"983\" height=\"332\" srcset=\"https:\/\/www.kolabtree.com\/blog\/wp-content\/uploads\/2019\/08\/vaccine8.png 983w, https:\/\/www.kolabtree.com\/blog\/wp-content\/uploads\/2019\/08\/vaccine8-300x101.png 300w, https:\/\/www.kolabtree.com\/blog\/wp-content\/uploads\/2019\/08\/vaccine8-768x259.png 768w\" sizes=\"(max-width: 983px) 100vw, 983px\" \/><\/p>\n<p><span style=\"font-weight: 400;\">Apr\u00e8s que des m\u00e9decins se soient demand\u00e9 si des entreprises comme Google, Facebook et Amazon <\/span><a href=\"https:\/\/www.cbsnews.com\/news\/tech-companies-fight-against-vaccine-misinformation-prompts-free-speech-debate\/\"><span style=\"font-weight: 400;\">partager une partie de la responsabilit\u00e9<\/span><\/a><span style=\"font-weight: 400;\"> Face \u00e0 l'augmentation du nombre d'enfants non vaccin\u00e9s, ces m\u00eames entreprises ont accept\u00e9 de prendre des mesures pour limiter la diffusion de cette d\u00e9sinformation. Il semble que, dans l'ensemble, les gens ne soient pas conscients de ce changement, 72,4% des personnes d\u00e9clarant ne pas \u00eatre s\u00fbres de voir plus ou moins de contenu relatif aux vaccinations et \u00e0 l'autisme. Cependant, 17,8% ont pris conscience de la diminution du contenu anti-vax sur les m\u00e9dias sociaux, ce qui constitue un premier pas positif et une nouvelle prometteuse pour l'information m\u00e9dicale en g\u00e9n\u00e9ral.<\/span><\/p>\n<h2><span class=\"ez-toc-section\" id=\"What_We_Learned_from_This_Study\"><\/span><b>Ce que nous avons appris de cette \u00e9tude<\/b><span class=\"ez-toc-section-end\"><\/span><\/h2>\n<p><span style=\"font-weight: 400;\">En fin de compte, cette \u00e9tude est rassurante car elle confirme que la plupart des gens semblent avoir la t\u00eate froide lorsqu'il s'agit de la science des vaccins ROR et de l'autisme. La majorit\u00e9 des gens ne croient pas \u00e0 cette relation et ne sont pas influenc\u00e9s par des comptes de m\u00e9dias sociaux trompeurs. Le fait qu'il y ait autant de personnes qui semblent ind\u00e9cises est toutefois inqui\u00e9tant. Cela confirme qu'il est essentiel que des entreprises telles que Google, Facebook et Amazon prennent des mesures pour \u00e9viter que les gens ne soient expos\u00e9s \u00e0 des contenus m\u00e9dicaux trompeurs - et dangereux.<\/span><\/p>\n<p><b>&#8212;<br \/>\nVous recherchez un scientifique professionnel qualifi\u00e9 qui puisse vous aider \u00e0 r\u00e9aliser des \u00e9tudes de recherche ou \u00e0 v\u00e9rifier des informations ? <\/b><a href=\"https:\/\/www.kolabtree.com\/find-an-expert?utm_source=Blog&amp;utm_medium=Post&amp;utm_campaign=Vaccines-Autism\"><b>Embaucher des scientifiques ind\u00e9pendants sur Kolabtree<\/b><\/a><b> et soyez assur\u00e9 que votre projet est entre de bonnes mains.<\/b><\/p>\n<p><em>&#8212;<br \/>\nTrouvez <a href=\"https:\/\/jooble.org\/jobs-medical\">emplois m\u00e9dicaux<\/a> aupr\u00e8s des meilleurs employeurs.\u00a0<\/em><\/p>","protected":false},"excerpt":{"rendered":"<p>Le sujet des vaccins et de l'autisme divise les gens et suscite de nombreux d\u00e9bats passionn\u00e9s. Les vaccins provoquent-ils l'autisme ? Que dit la science ? Et que croit r\u00e9ellement le public britannique ? Dans notre nouvelle \u00e9tude, nous avons sond\u00e9 l'opinion pour voir \u00e0 quel point la mauvaise science peut \u00eatre omnipr\u00e9sente. Des informations m\u00e9dicales inexactes ou trompeuses<\/p>\n<div class=\"read-more\"><a href=\"https:\/\/www.kolabtree.com\/blog\/fr\/do-vaccines-cause-autism-new-kolabtree-study-explores-public-views\/\" title=\"Lire la suite\">Lire la suite<\/a><\/div>","protected":false},"author":12,"featured_media":5912,"comment_status":"open","ping_status":"open","sticky":false,"template":"","format":"standard","meta":[],"categories":[314],"tags":[],"acf":[],"yoast_head":"<!-- This site is optimized with the Yoast SEO Premium plugin v20.1 (Yoast SEO v20.1) - https:\/\/yoast.com\/wordpress\/plugins\/seo\/ -->\n<title>Do Vaccines Cause Autism? Study Explores Public Views | Kolabtree<\/title>\n<meta name=\"description\" content=\"Do vaccines cause autism? Our new study reveals generational and gender divides and examines public views to explore the pervasiveness of bad science\" \/>\n<meta name=\"robots\" content=\"index, follow, max-snippet:-1, max-image-preview:large, max-video-preview:-1\" \/>\n<link rel=\"canonical\" href=\"https:\/\/www.kolabtree.com\/blog\/fr\/do-vaccines-cause-autism-new-kolabtree-study-explores-public-views\/\" \/>\n<meta property=\"og:locale\" content=\"fr_FR\" \/>\n<meta property=\"og:type\" content=\"article\" \/>\n<meta property=\"og:title\" content=\"Do Vaccines Cause Autism? New Kolabtree Study Explores Public Views\" \/>\n<meta property=\"og:description\" content=\"Do vaccines cause autism? Our new study reveals generational and gender divides and examines public views to explore the pervasiveness of bad science\" \/>\n<meta property=\"og:url\" content=\"https:\/\/www.kolabtree.com\/blog\/fr\/do-vaccines-cause-autism-new-kolabtree-study-explores-public-views\/\" \/>\n<meta property=\"og:site_name\" content=\"The Kolabtree Blog\" \/>\n<meta property=\"article:publisher\" content=\"https:\/\/www.facebook.com\/kolabtree\" \/>\n<meta property=\"article:published_time\" content=\"2019-08-20T10:22:45+00:00\" \/>\n<meta property=\"article:modified_time\" content=\"2020-11-09T08:59:24+00:00\" \/>\n<meta property=\"og:image\" content=\"https:\/\/www.kolabtree.com\/blog\/wp-content\/uploads\/2019\/08\/vaccines-autism-poll.jpg\" \/>\n\t<meta property=\"og:image:width\" content=\"1000\" \/>\n\t<meta property=\"og:image:height\" content=\"667\" \/>\n\t<meta property=\"og:image:type\" content=\"image\/jpeg\" \/>\n<meta name=\"author\" content=\"Ramya Sriram\" \/>\n<meta name=\"twitter:card\" content=\"summary_large_image\" \/>\n<meta name=\"twitter:creator\" content=\"@kolabtree\" \/>\n<meta name=\"twitter:site\" content=\"@kolabtree\" \/>\n<meta name=\"twitter:label1\" content=\"\u00c9crit par\" \/>\n\t<meta name=\"twitter:data1\" content=\"Ramya Sriram\" \/>\n\t<meta name=\"twitter:label2\" content=\"Dur\u00e9e de lecture estim\u00e9e\" \/>\n\t<meta name=\"twitter:data2\" content=\"8 minutes\" \/>\n<!-- \/ Yoast SEO Premium plugin. -->","yoast_head_json":{"title":"Do Vaccines Cause Autism? Study Explores Public Views | Kolabtree","description":"Do vaccines cause autism? Our new study reveals generational and gender divides and examines public views to explore the pervasiveness of bad science","robots":{"index":"index","follow":"follow","max-snippet":"max-snippet:-1","max-image-preview":"max-image-preview:large","max-video-preview":"max-video-preview:-1"},"canonical":"https:\/\/www.kolabtree.com\/blog\/fr\/do-vaccines-cause-autism-new-kolabtree-study-explores-public-views\/","og_locale":"fr_FR","og_type":"article","og_title":"Do Vaccines Cause Autism? New Kolabtree Study Explores Public Views","og_description":"Do vaccines cause autism? Our new study reveals generational and gender divides and examines public views to explore the pervasiveness of bad science","og_url":"https:\/\/www.kolabtree.com\/blog\/fr\/do-vaccines-cause-autism-new-kolabtree-study-explores-public-views\/","og_site_name":"The Kolabtree Blog","article_publisher":"https:\/\/www.facebook.com\/kolabtree","article_published_time":"2019-08-20T10:22:45+00:00","article_modified_time":"2020-11-09T08:59:24+00:00","og_image":[{"width":1000,"height":667,"url":"https:\/\/www.kolabtree.com\/blog\/wp-content\/uploads\/2019\/08\/vaccines-autism-poll.jpg","type":"image\/jpeg"}],"author":"Ramya Sriram","twitter_card":"summary_large_image","twitter_creator":"@kolabtree","twitter_site":"@kolabtree","twitter_misc":{"\u00c9crit par":"Ramya Sriram","Dur\u00e9e de lecture estim\u00e9e":"8 minutes"},"schema":{"@context":"https:\/\/schema.org","@graph":[{"@type":"Article","@id":"https:\/\/www.kolabtree.com\/blog\/de\/do-vaccines-cause-autism-new-kolabtree-study-explores-public-views\/#article","isPartOf":{"@id":"https:\/\/www.kolabtree.com\/blog\/de\/do-vaccines-cause-autism-new-kolabtree-study-explores-public-views\/"},"author":{"name":"Ramya Sriram","@id":"https:\/\/www.kolabtree.com\/blog\/#\/schema\/person\/81992f5863a1b06d132a47822e7b4400"},"headline":"Do Vaccines Cause Autism? New Kolabtree Study Explores Public Views","datePublished":"2019-08-20T10:22:45+00:00","dateModified":"2020-11-09T08:59:24+00:00","mainEntityOfPage":{"@id":"https:\/\/www.kolabtree.com\/blog\/de\/do-vaccines-cause-autism-new-kolabtree-study-explores-public-views\/"},"wordCount":1533,"commentCount":0,"publisher":{"@id":"https:\/\/www.kolabtree.com\/blog\/#organization"},"articleSection":["News &amp; Events"],"inLanguage":"fr-FR","potentialAction":[{"@type":"CommentAction","name":"Comment","target":["https:\/\/www.kolabtree.com\/blog\/de\/do-vaccines-cause-autism-new-kolabtree-study-explores-public-views\/#respond"]}]},{"@type":"WebPage","@id":"https:\/\/www.kolabtree.com\/blog\/de\/do-vaccines-cause-autism-new-kolabtree-study-explores-public-views\/","url":"https:\/\/www.kolabtree.com\/blog\/de\/do-vaccines-cause-autism-new-kolabtree-study-explores-public-views\/","name":"Do Vaccines Cause Autism? Study Explores Public Views | Kolabtree","isPartOf":{"@id":"https:\/\/www.kolabtree.com\/blog\/#website"},"datePublished":"2019-08-20T10:22:45+00:00","dateModified":"2020-11-09T08:59:24+00:00","description":"Do vaccines cause autism? Our new study reveals generational and gender divides and examines public views to explore the pervasiveness of bad science","breadcrumb":{"@id":"https:\/\/www.kolabtree.com\/blog\/de\/do-vaccines-cause-autism-new-kolabtree-study-explores-public-views\/#breadcrumb"},"inLanguage":"fr-FR","potentialAction":[{"@type":"ReadAction","target":["https:\/\/www.kolabtree.com\/blog\/de\/do-vaccines-cause-autism-new-kolabtree-study-explores-public-views\/"]}]},{"@type":"BreadcrumbList","@id":"https:\/\/www.kolabtree.com\/blog\/de\/do-vaccines-cause-autism-new-kolabtree-study-explores-public-views\/#breadcrumb","itemListElement":[{"@type":"ListItem","position":1,"name":"Home","item":"https:\/\/www.kolabtree.com\/blog\/"},{"@type":"ListItem","position":2,"name":"Do Vaccines Cause Autism? New Kolabtree Study Explores Public Views"}]},{"@type":"WebSite","@id":"https:\/\/www.kolabtree.com\/blog\/#website","url":"https:\/\/www.kolabtree.com\/blog\/","name":"The Kolabtree Blog","description":"Expert Views on Science, Innovation and Product Development","publisher":{"@id":"https:\/\/www.kolabtree.com\/blog\/#organization"},"potentialAction":[{"@type":"SearchAction","target":{"@type":"EntryPoint","urlTemplate":"https:\/\/www.kolabtree.com\/blog\/?s={search_term_string}"},"query-input":"required name=search_term_string"}],"inLanguage":"fr-FR"},{"@type":"Organization","@id":"https:\/\/www.kolabtree.com\/blog\/#organization","name":"Kolabtree","url":"https:\/\/www.kolabtree.com\/blog\/","logo":{"@type":"ImageObject","inLanguage":"fr-FR","@id":"https:\/\/www.kolabtree.com\/blog\/#\/schema\/logo\/image\/","url":"","contentUrl":"","caption":"Kolabtree"},"image":{"@id":"https:\/\/www.kolabtree.com\/blog\/#\/schema\/logo\/image\/"},"sameAs":["https:\/\/www.facebook.com\/kolabtree","https:\/\/twitter.com\/kolabtree","https:\/\/instagram.com\/kolabtree","https:\/\/www.linkedin.com\/company\/kolabtree","https:\/\/en.m.wikipedia.org\/wiki\/Kolabtree"]},{"@type":"Person","@id":"https:\/\/www.kolabtree.com\/blog\/#\/schema\/person\/81992f5863a1b06d132a47822e7b4400","name":"Ramya Sriram","image":{"@type":"ImageObject","inLanguage":"fr-FR","@id":"https:\/\/www.kolabtree.com\/blog\/#\/schema\/person\/image\/","url":"https:\/\/secure.gravatar.com\/avatar\/8100b45c960ebbbbe420e8b3f250515f?s=96&d=mm&r=g","contentUrl":"https:\/\/secure.gravatar.com\/avatar\/8100b45c960ebbbbe420e8b3f250515f?s=96&d=mm&r=g","caption":"Ramya Sriram"},"description":"Ramya Sriram manages digital content and communications at Kolabtree (kolabtree.com), the world's largest freelancing platform for scientists. She has over a decade of experience in publishing, advertising and digital content creation.","url":"https:\/\/www.kolabtree.com\/blog\/fr\/author\/ramyas\/"}]}},"amp_enabled":true,"_links":{"self":[{"href":"https:\/\/www.kolabtree.com\/blog\/fr\/wp-json\/wp\/v2\/posts\/5901"}],"collection":[{"href":"https:\/\/www.kolabtree.com\/blog\/fr\/wp-json\/wp\/v2\/posts"}],"about":[{"href":"https:\/\/www.kolabtree.com\/blog\/fr\/wp-json\/wp\/v2\/types\/post"}],"author":[{"embeddable":true,"href":"https:\/\/www.kolabtree.com\/blog\/fr\/wp-json\/wp\/v2\/users\/12"}],"replies":[{"embeddable":true,"href":"https:\/\/www.kolabtree.com\/blog\/fr\/wp-json\/wp\/v2\/comments?post=5901"}],"version-history":[{"count":5,"href":"https:\/\/www.kolabtree.com\/blog\/fr\/wp-json\/wp\/v2\/posts\/5901\/revisions"}],"predecessor-version":[{"id":8534,"href":"https:\/\/www.kolabtree.com\/blog\/fr\/wp-json\/wp\/v2\/posts\/5901\/revisions\/8534"}],"wp:featuredmedia":[{"embeddable":true,"href":"https:\/\/www.kolabtree.com\/blog\/fr\/wp-json\/wp\/v2\/media\/5912"}],"wp:attachment":[{"href":"https:\/\/www.kolabtree.com\/blog\/fr\/wp-json\/wp\/v2\/media?parent=5901"}],"wp:term":[{"taxonomy":"category","embeddable":true,"href":"https:\/\/www.kolabtree.com\/blog\/fr\/wp-json\/wp\/v2\/categories?post=5901"},{"taxonomy":"post_tag","embeddable":true,"href":"https:\/\/www.kolabtree.com\/blog\/fr\/wp-json\/wp\/v2\/tags?post=5901"}],"curies":[{"name":"wp","href":"https:\/\/api.w.org\/{rel}","templated":true}]}}