{"id":1361,"date":"2016-05-16T11:37:27","date_gmt":"2016-05-16T11:37:27","guid":{"rendered":"http:\/\/localhost\/blog\/?p=1361"},"modified":"2017-04-06T12:04:49","modified_gmt":"2017-04-06T12:04:49","slug":"who-should-be-applying-vat-when","status":"publish","type":"post","link":"https:\/\/www.kolabtree.com\/blog\/fr\/who-should-be-applying-vat-when\/","title":{"rendered":"Qui doit appliquer la TVA et quand ?"},"content":{"rendered":"<p>Vous \u00eates sur le point de soumettre une proposition sur Kolabtree mais la taxe sur la valeur ajout\u00e9e (TVA) vous inqui\u00e8te ? Vous ne savez pas si elle s'applique \u00e0 vous ? Nous essayons d'expliquer les d\u00e9tails dans l'article suivant.<\/p>\n<p><strong>La TVA m'est-elle applicable ?<\/strong><br \/>\nLa TVA ne s'applique \u00e0 vous que si vous payez la TVA au gouvernement ou si vous \u00eates une entreprise enregistr\u00e9e \u00e0 la TVA. En outre, la TVA s'applique \u00e0 vous si vous \u00eates un freelance bas\u00e9 dans un pays d'Europe, en Australie ou au Canada, et que vous \u00eates engag\u00e9 par un client de ces pays. Vous pouvez \u00eatre tenu de soumettre la TVA \u00e0 votre gouvernement \u00e0 la fin de l'ann\u00e9e fiscale.<\/p>\n<p><a href=\"https:\/\/www.kolabtree.com\/blog\/wp-content\/uploads\/2016\/05\/Burning-questions-e1463398625842.jpg\"><img decoding=\"async\" loading=\"lazy\" class=\"alignnone wp-image-1362 size-full\" src=\"https:\/\/www.kolabtree.com\/blog\/wp-content\/uploads\/2016\/05\/Burning-questions-e1463398625842.jpg\" alt=\"Questions br\u00fblantes\" width=\"320\" height=\"226\" srcset=\"https:\/\/www.kolabtree.com\/blog\/wp-content\/uploads\/2016\/05\/Burning-questions-e1463398625842.jpg 320w, https:\/\/www.kolabtree.com\/blog\/wp-content\/uploads\/2016\/05\/Burning-questions-e1463398625842-300x212.jpg 300w\" sizes=\"(max-width: 320px) 100vw, 320px\" \/><\/a><\/p>\n<p><strong>Comment calculer la TVA ?<\/strong><br \/>\nChez Kolabtree, notre syst\u00e8me permet aux freelances bas\u00e9s dans ces pays d'ajouter la TVA aux honoraires de leur projet afin que la facture finale g\u00e9n\u00e9r\u00e9e pour leur client comprenne la TVA. Nous vous fournirons des formats de facture que vous pourrez utiliser afin que vos factures soient conformes aux exigences des pays de l'UE.<\/p>\n<p>Note importante pour les freelances : N'oubliez pas que Kolabtree commencera \u00e0 facturer des frais de service de 20% sur le total de vos honoraires, TVA comprise.<\/p>\n<p><strong>Comment dois-je proc\u00e9der pour inclure la TVA dans ma facture ?<\/strong><br \/>\nC'est simple ! Connectez-vous \u00e0 votre compte Kolabtree et suivez les \u00e9tapes ci-dessous en soumettant une proposition pour tout projet.<\/p>\n<p><a href=\"https:\/\/www.kolabtree.com\/blog\/wp-content\/uploads\/2016\/05\/VAT-Table.jpg\"><img decoding=\"async\" loading=\"lazy\" class=\"alignnone wp-image-1363 size-full\" src=\"https:\/\/www.kolabtree.com\/blog\/wp-content\/uploads\/2016\/05\/VAT-Table.jpg\" alt=\"Tableau de la TVA\" width=\"624\" height=\"148\" srcset=\"https:\/\/www.kolabtree.com\/blog\/wp-content\/uploads\/2016\/05\/VAT-Table.jpg 624w, https:\/\/www.kolabtree.com\/blog\/wp-content\/uploads\/2016\/05\/VAT-Table-300x71.jpg 300w, https:\/\/www.kolabtree.com\/blog\/wp-content\/uploads\/2016\/05\/VAT-Table-300x71@2x.jpg 600w\" sizes=\"(max-width: 624px) 100vw, 624px\" \/><\/a><\/p>\n<p>Pour appliquer la TVA, cliquez sur \"Appliquer la TVA\" dans la section \"Frais et d\u00e9lai\" lorsque vous soumettez une proposition. Cela activera le champ \"Pourcentage de TVA\". Saisissez le pourcentage de TVA applicable dans votre pays. En cas de doute, vous pouvez vous renseigner sur les r\u00e8gles de facturation de la TVA en Europe ici. Vous pouvez \u00e9galement consulter les r\u00e8gles de TVA au Canada et en Australie.<\/p>\n<p>La TVA que vous ajoutez sera automatiquement configur\u00e9e dans le tableau des frais adjacent.<\/p>\n<p>Nous avons pr\u00e9sent\u00e9 un exemple ci-dessous pour illustrer comment la TVA sera appliqu\u00e9e au co\u00fbt du projet propos\u00e9 par un freelance.<\/p>\n<p>Montant de la proposition soumise par le freelance = $300<\/p>\n<p>Taux de TVA ajout\u00e9 par le freelance = 10% ($30)<\/p>\n<p>Frais de service de Kolabtree (seront calcul\u00e9s automatiquement) = 20%<\/p>\n<p>Montant factur\u00e9 au client = $330 ($300 + $30 TVA)<\/p>\n<p>Montant factur\u00e9 au Freelancer par Kolabtree = $330 * 20% = $66<\/p>\n<p>Montant que le freelance re\u00e7oit dans son portefeuille \u00e9lectronique = $264<\/p>\n<p>*Notez que, comme mentionn\u00e9 ci-dessus, Kolabtree facturera des frais de service de 20% sur le total de vos frais, TVA comprise.<\/p>\n<p>Seuls les freelances r\u00e9sidant dans les pays \u00e9num\u00e9r\u00e9s ci-dessus peuvent ajouter la TVA au montant de leur proposition. En outre, la TVA ne peut d\u00e9passer 26% du co\u00fbt final du projet.<\/p>\n<p>\u00c9crivez-nous \u00e0 l'adresse contact@kolabtree.com en cas de probl\u00e8me.<\/p>","protected":false},"excerpt":{"rendered":"<p>Vous \u00eates sur le point de soumettre une proposition sur Kolabtree mais la taxe sur la valeur ajout\u00e9e (TVA) vous inqui\u00e8te ? Vous ne savez pas si elle s'applique \u00e0 vous ? Nous essayons d'expliquer les d\u00e9tails dans l'article suivant. La TVA s'applique-t-elle \u00e0 moi ? La TVA ne s'applique \u00e0 vous que si vous payez la TVA au gouvernement ou si vous \u00eates enregistr\u00e9 \u00e0 la TVA.<\/p>\n<div class=\"read-more\"><a href=\"https:\/\/www.kolabtree.com\/blog\/fr\/who-should-be-applying-vat-when\/\" title=\"Lire la suite\">Lire la suite<\/a><\/div>","protected":false},"author":4,"featured_media":1362,"comment_status":"open","ping_status":"open","sticky":false,"template":"","format":"standard","meta":[],"categories":[205],"tags":[],"acf":[],"yoast_head":"<!-- This site is optimized with the Yoast SEO Premium plugin v20.1 (Yoast SEO v20.1) - https:\/\/yoast.com\/wordpress\/plugins\/seo\/ -->\n<title>Who should be applying VAT &amp; when? - The Kolabtree Blog<\/title>\n<meta name=\"robots\" content=\"index, follow, max-snippet:-1, max-image-preview:large, max-video-preview:-1\" \/>\n<link rel=\"canonical\" href=\"https:\/\/www.kolabtree.com\/blog\/fr\/quien-debe-aplicar-el-iva-cuando\/\" \/>\n<meta property=\"og:locale\" content=\"fr_FR\" \/>\n<meta property=\"og:type\" content=\"article\" \/>\n<meta property=\"og:title\" content=\"Who should be applying VAT &amp; when?\" \/>\n<meta property=\"og:description\" content=\"About to submit a proposal on Kolabtree but worried about Value Added Tax (VAT)? Don\u2019t know if it applies to you? We try to explain the details in the following article. Is VAT applicable to me? VAT is applicable to you only if you&#8217;re paying VAT to the government or if you&#8217;re a VAT registeredRead More\" \/>\n<meta property=\"og:url\" content=\"https:\/\/www.kolabtree.com\/blog\/fr\/quien-debe-aplicar-el-iva-cuando\/\" \/>\n<meta property=\"og:site_name\" content=\"The Kolabtree Blog\" \/>\n<meta property=\"article:publisher\" content=\"https:\/\/www.facebook.com\/kolabtree\" \/>\n<meta property=\"article:published_time\" content=\"2016-05-16T11:37:27+00:00\" \/>\n<meta property=\"article:modified_time\" content=\"2017-04-06T12:04:49+00:00\" \/>\n<meta property=\"og:image\" content=\"https:\/\/www.kolabtree.com\/blog\/wp-content\/uploads\/2016\/05\/Burning-questions-e1463398625842.jpg\" \/>\n\t<meta property=\"og:image:width\" content=\"320\" \/>\n\t<meta property=\"og:image:height\" content=\"226\" \/>\n\t<meta property=\"og:image:type\" content=\"image\/jpeg\" \/>\n<meta name=\"author\" content=\"Minhaj Rais\" \/>\n<meta name=\"twitter:card\" content=\"summary_large_image\" \/>\n<meta name=\"twitter:creator\" content=\"@kolabtree\" \/>\n<meta name=\"twitter:site\" content=\"@kolabtree\" \/>\n<meta name=\"twitter:label1\" content=\"\u00c9crit par\" \/>\n\t<meta name=\"twitter:data1\" content=\"Minhaj Rais\" \/>\n\t<meta name=\"twitter:label2\" content=\"Dur\u00e9e de lecture estim\u00e9e\" \/>\n\t<meta name=\"twitter:data2\" content=\"2 minutes\" \/>\n<!-- \/ Yoast SEO Premium plugin. -->","yoast_head_json":{"title":"Who should be applying VAT & when? - The Kolabtree Blog","robots":{"index":"index","follow":"follow","max-snippet":"max-snippet:-1","max-image-preview":"max-image-preview:large","max-video-preview":"max-video-preview:-1"},"canonical":"https:\/\/www.kolabtree.com\/blog\/fr\/quien-debe-aplicar-el-iva-cuando\/","og_locale":"fr_FR","og_type":"article","og_title":"Who should be applying VAT & when?","og_description":"About to submit a proposal on Kolabtree but worried about Value Added Tax (VAT)? Don\u2019t know if it applies to you? We try to explain the details in the following article. Is VAT applicable to me? VAT is applicable to you only if you&#8217;re paying VAT to the government or if you&#8217;re a VAT registeredRead More","og_url":"https:\/\/www.kolabtree.com\/blog\/fr\/quien-debe-aplicar-el-iva-cuando\/","og_site_name":"The Kolabtree Blog","article_publisher":"https:\/\/www.facebook.com\/kolabtree","article_published_time":"2016-05-16T11:37:27+00:00","article_modified_time":"2017-04-06T12:04:49+00:00","og_image":[{"width":320,"height":226,"url":"https:\/\/www.kolabtree.com\/blog\/wp-content\/uploads\/2016\/05\/Burning-questions-e1463398625842.jpg","type":"image\/jpeg"}],"author":"Minhaj Rais","twitter_card":"summary_large_image","twitter_creator":"@kolabtree","twitter_site":"@kolabtree","twitter_misc":{"\u00c9crit par":"Minhaj Rais","Dur\u00e9e de lecture estim\u00e9e":"2 minutes"},"schema":{"@context":"https:\/\/schema.org","@graph":[{"@type":"Article","@id":"https:\/\/www.kolabtree.com\/blog\/es\/quien-debe-aplicar-el-iva-cuando\/#article","isPartOf":{"@id":"https:\/\/www.kolabtree.com\/blog\/es\/quien-debe-aplicar-el-iva-cuando\/"},"author":{"name":"Minhaj Rais","@id":"https:\/\/www.kolabtree.com\/blog\/#\/schema\/person\/c221d0fe6368ffe0093225eba39ea307"},"headline":"Who should be applying VAT &#038; when?","datePublished":"2016-05-16T11:37:27+00:00","dateModified":"2017-04-06T12:04:49+00:00","mainEntityOfPage":{"@id":"https:\/\/www.kolabtree.com\/blog\/es\/quien-debe-aplicar-el-iva-cuando\/"},"wordCount":401,"commentCount":0,"publisher":{"@id":"https:\/\/www.kolabtree.com\/blog\/#organization"},"articleSection":["Kolabtree News"],"inLanguage":"fr-FR","potentialAction":[{"@type":"CommentAction","name":"Comment","target":["https:\/\/www.kolabtree.com\/blog\/es\/quien-debe-aplicar-el-iva-cuando\/#respond"]}]},{"@type":"WebPage","@id":"https:\/\/www.kolabtree.com\/blog\/es\/quien-debe-aplicar-el-iva-cuando\/","url":"https:\/\/www.kolabtree.com\/blog\/es\/quien-debe-aplicar-el-iva-cuando\/","name":"Who should be applying VAT & when? - The Kolabtree Blog","isPartOf":{"@id":"https:\/\/www.kolabtree.com\/blog\/#website"},"datePublished":"2016-05-16T11:37:27+00:00","dateModified":"2017-04-06T12:04:49+00:00","breadcrumb":{"@id":"https:\/\/www.kolabtree.com\/blog\/es\/quien-debe-aplicar-el-iva-cuando\/#breadcrumb"},"inLanguage":"fr-FR","potentialAction":[{"@type":"ReadAction","target":["https:\/\/www.kolabtree.com\/blog\/es\/quien-debe-aplicar-el-iva-cuando\/"]}]},{"@type":"BreadcrumbList","@id":"https:\/\/www.kolabtree.com\/blog\/es\/quien-debe-aplicar-el-iva-cuando\/#breadcrumb","itemListElement":[{"@type":"ListItem","position":1,"name":"Home","item":"https:\/\/www.kolabtree.com\/blog\/"},{"@type":"ListItem","position":2,"name":"Who should be applying VAT &#038; when?"}]},{"@type":"WebSite","@id":"https:\/\/www.kolabtree.com\/blog\/#website","url":"https:\/\/www.kolabtree.com\/blog\/","name":"The Kolabtree Blog","description":"Expert Views on Science, Innovation and Product Development","publisher":{"@id":"https:\/\/www.kolabtree.com\/blog\/#organization"},"potentialAction":[{"@type":"SearchAction","target":{"@type":"EntryPoint","urlTemplate":"https:\/\/www.kolabtree.com\/blog\/?s={search_term_string}"},"query-input":"required name=search_term_string"}],"inLanguage":"fr-FR"},{"@type":"Organization","@id":"https:\/\/www.kolabtree.com\/blog\/#organization","name":"Kolabtree","url":"https:\/\/www.kolabtree.com\/blog\/","logo":{"@type":"ImageObject","inLanguage":"fr-FR","@id":"https:\/\/www.kolabtree.com\/blog\/#\/schema\/logo\/image\/","url":"","contentUrl":"","caption":"Kolabtree"},"image":{"@id":"https:\/\/www.kolabtree.com\/blog\/#\/schema\/logo\/image\/"},"sameAs":["https:\/\/www.facebook.com\/kolabtree","https:\/\/twitter.com\/kolabtree","https:\/\/instagram.com\/kolabtree","https:\/\/www.linkedin.com\/company\/kolabtree","https:\/\/en.m.wikipedia.org\/wiki\/Kolabtree"]},{"@type":"Person","@id":"https:\/\/www.kolabtree.com\/blog\/#\/schema\/person\/c221d0fe6368ffe0093225eba39ea307","name":"Minhaj Rais","image":{"@type":"ImageObject","inLanguage":"fr-FR","@id":"https:\/\/www.kolabtree.com\/blog\/#\/schema\/person\/image\/","url":"https:\/\/secure.gravatar.com\/avatar\/68410f42b14b237fe621cab943140231?s=96&d=mm&r=g","contentUrl":"https:\/\/secure.gravatar.com\/avatar\/68410f42b14b237fe621cab943140231?s=96&d=mm&r=g","caption":"Minhaj Rais"},"description":"Minhaj manages operations at Kolabtree","url":"https:\/\/www.kolabtree.com\/blog\/fr\/author\/minhajr\/"}]}},"amp_enabled":true,"_links":{"self":[{"href":"https:\/\/www.kolabtree.com\/blog\/fr\/wp-json\/wp\/v2\/posts\/1361"}],"collection":[{"href":"https:\/\/www.kolabtree.com\/blog\/fr\/wp-json\/wp\/v2\/posts"}],"about":[{"href":"https:\/\/www.kolabtree.com\/blog\/fr\/wp-json\/wp\/v2\/types\/post"}],"author":[{"embeddable":true,"href":"https:\/\/www.kolabtree.com\/blog\/fr\/wp-json\/wp\/v2\/users\/4"}],"replies":[{"embeddable":true,"href":"https:\/\/www.kolabtree.com\/blog\/fr\/wp-json\/wp\/v2\/comments?post=1361"}],"version-history":[{"count":11,"href":"https:\/\/www.kolabtree.com\/blog\/fr\/wp-json\/wp\/v2\/posts\/1361\/revisions"}],"predecessor-version":[{"id":6630,"href":"https:\/\/www.kolabtree.com\/blog\/fr\/wp-json\/wp\/v2\/posts\/1361\/revisions\/6630"}],"wp:featuredmedia":[{"embeddable":true,"href":"https:\/\/www.kolabtree.com\/blog\/fr\/wp-json\/wp\/v2\/media\/1362"}],"wp:attachment":[{"href":"https:\/\/www.kolabtree.com\/blog\/fr\/wp-json\/wp\/v2\/media?parent=1361"}],"wp:term":[{"taxonomy":"category","embeddable":true,"href":"https:\/\/www.kolabtree.com\/blog\/fr\/wp-json\/wp\/v2\/categories?post=1361"},{"taxonomy":"post_tag","embeddable":true,"href":"https:\/\/www.kolabtree.com\/blog\/fr\/wp-json\/wp\/v2\/tags?post=1361"}],"curies":[{"name":"wp","href":"https:\/\/api.w.org\/{rel}","templated":true}]}}