{"id":5901,"date":"2019-08-20T10:22:45","date_gmt":"2019-08-20T10:22:45","guid":{"rendered":"https:\/\/blog.kolabtree.com\/?p=5901"},"modified":"2020-11-09T08:59:24","modified_gmt":"2020-11-09T08:59:24","slug":"do-vaccines-cause-autism-new-kolabtree-study-explores-public-views","status":"publish","type":"post","link":"https:\/\/www.kolabtree.com\/blog\/es\/las-vacunas-causan-autismo-el-nuevo-estudio-de-kolabtree-explora-la-opinion-del-publico\/","title":{"rendered":"\u00bfCausan las vacunas el autismo? Un nuevo estudio de Kolabtree explora las opiniones del p\u00fablico"},"content":{"rendered":"<div id=\"ez-toc-container\" class=\"ez-toc-v2_0_45_1 counter-flat ez-toc-counter ez-toc-grey ez-toc-container-direction\">\n<div class=\"ez-toc-title-container\">\n<p class=\"ez-toc-title\">Tabla de contenidos<\/p>\n<span class=\"ez-toc-title-toggle\"><a href=\"#\" class=\"ez-toc-pull-right ez-toc-btn ez-toc-btn-xs ez-toc-btn-default ez-toc-toggle\" area-label=\"ez-toc-toggle-icon-1\"><label for=\"item-69f3d68b7c9f3\" aria-label=\"Tabla de contenidos\"><span style=\"display: flex;align-items: center;width: 35px;height: 30px;justify-content: center;direction:ltr;\"><svg style=\"fill: #999;color:#999\" xmlns=\"http:\/\/www.w3.org\/2000\/svg\" class=\"list-377408\" width=\"20px\" height=\"20px\" viewbox=\"0 0 24 24\" fill=\"none\"><path d=\"M6 6H4v2h2V6zm14 0H8v2h12V6zM4 11h2v2H4v-2zm16 0H8v2h12v-2zM4 16h2v2H4v-2zm16 0H8v2h12v-2z\" fill=\"currentColor\"><\/path><\/svg><svg style=\"fill: #999;color:#999\" class=\"arrow-unsorted-368013\" xmlns=\"http:\/\/www.w3.org\/2000\/svg\" width=\"10px\" height=\"10px\" viewbox=\"0 0 24 24\" version=\"1.2\" baseprofile=\"tiny\"><path d=\"M18.2 9.3l-6.2-6.3-6.2 6.3c-.2.2-.3.4-.3.7s.1.5.3.7c.2.2.4.3.7.3h11c.3 0 .5-.1.7-.3.2-.2.3-.5.3-.7s-.1-.5-.3-.7zM5.8 14.7l6.2 6.3 6.2-6.3c.2-.2.3-.5.3-.7s-.1-.5-.3-.7c-.2-.2-.4-.3-.7-.3h-11c-.3 0-.5.1-.7.3-.2.2-.3.5-.3.7s.1.5.3.7z\"\/><\/svg><\/span><\/label><input  type=\"checkbox\" id=\"item-69f3d68b7c9f3\"><\/a><\/span><\/div>\n<nav><ul class='ez-toc-list ez-toc-list-level-1' ><li class='ez-toc-page-1'><a class=\"ez-toc-link ez-toc-heading-1\" href=\"https:\/\/www.kolabtree.com\/blog\/es\/las-vacunas-causan-autismo-el-nuevo-estudio-de-kolabtree-explora-la-opinion-del-publico\/#Do_Vaccines_Cause_Autism\" title=\"\u00bfCausan las vacunas el autismo?\">\u00bfCausan las vacunas el autismo?<\/a><\/li><li class='ez-toc-page-1'><a class=\"ez-toc-link ez-toc-heading-2\" href=\"https:\/\/www.kolabtree.com\/blog\/es\/las-vacunas-causan-autismo-el-nuevo-estudio-de-kolabtree-explora-la-opinion-del-publico\/#Why_We_Conducted_This_Study\" title=\"Por qu\u00e9 realizamos este estudio\">Por qu\u00e9 realizamos este estudio<\/a><\/li><li class='ez-toc-page-1'><a class=\"ez-toc-link ez-toc-heading-3\" href=\"https:\/\/www.kolabtree.com\/blog\/es\/las-vacunas-causan-autismo-el-nuevo-estudio-de-kolabtree-explora-la-opinion-del-publico\/#1_Do_You_Believe_Vaccines_Cause_Autism\" title=\"1. \u00bfCree que las vacunas causan autismo?\">1. \u00bfCree que las vacunas causan autismo?<\/a><\/li><li class='ez-toc-page-1'><a class=\"ez-toc-link ez-toc-heading-4\" href=\"https:\/\/www.kolabtree.com\/blog\/es\/las-vacunas-causan-autismo-el-nuevo-estudio-de-kolabtree-explora-la-opinion-del-publico\/#2_Do_You_Believe_the_Dangers_of_Vaccinations_Outweigh_the_Benefits\" title=\"2. \u00bfCree que los peligros de las vacunas son mayores que los beneficios?\">2. \u00bfCree que los peligros de las vacunas son mayores que los beneficios?<\/a><\/li><li class='ez-toc-page-1'><a class=\"ez-toc-link ez-toc-heading-5\" href=\"https:\/\/www.kolabtree.com\/blog\/es\/las-vacunas-causan-autismo-el-nuevo-estudio-de-kolabtree-explora-la-opinion-del-publico\/#3_Have_You_Personally_Seen_Any_Anti-Vaccine_Content_on_One_or_More_of_the_Following_Platforms\" title=\"3. \u00bfHa visto personalmente alg\u00fan contenido antivacunas en una o m\u00e1s de las siguientes plataformas?\">3. \u00bfHa visto personalmente alg\u00fan contenido antivacunas en una o m\u00e1s de las siguientes plataformas?<\/a><\/li><li class='ez-toc-page-1'><a class=\"ez-toc-link ez-toc-heading-6\" href=\"https:\/\/www.kolabtree.com\/blog\/es\/las-vacunas-causan-autismo-el-nuevo-estudio-de-kolabtree-explora-la-opinion-del-publico\/#4_Do_You_Think_the_Post_Below_Is_a_Credible_Source_of_Information_about_Vaccines\" title=\"4. \u00bfCree que el siguiente post es una fuente de informaci\u00f3n cre\u00edble sobre las vacunas?\">4. \u00bfCree que el siguiente post es una fuente de informaci\u00f3n cre\u00edble sobre las vacunas?<\/a><\/li><li class='ez-toc-page-1'><a class=\"ez-toc-link ez-toc-heading-7\" href=\"https:\/\/www.kolabtree.com\/blog\/es\/las-vacunas-causan-autismo-el-nuevo-estudio-de-kolabtree-explora-la-opinion-del-publico\/#5_Do_You_Think_That_the_Account_in_the_Picture_Below_Is_a_Credible_Source_of_Information_about_Vaccines\" title=\"5. \u00bfCree que la cuenta de la imagen de abajo es una fuente de informaci\u00f3n cre\u00edble sobre las vacunas?\">5. \u00bfCree que la cuenta de la imagen de abajo es una fuente de informaci\u00f3n cre\u00edble sobre las vacunas?<\/a><\/li><li class='ez-toc-page-1'><a class=\"ez-toc-link ez-toc-heading-8\" href=\"https:\/\/www.kolabtree.com\/blog\/es\/las-vacunas-causan-autismo-el-nuevo-estudio-de-kolabtree-explora-la-opinion-del-publico\/#6_Facebook_Google_Amazon_and_Other_Companies_Have_Pledged_to_Reduce_the_Visibility_of_Anti-Vaccine_Information_Do_You_See_Less_Anti-Vaccine_Content_Online_Now\" title=\"6. Facebook, Google, Amazon y otras empresas se han comprometido a reducir la visibilidad de la informaci\u00f3n antivacunas. 7. \u00bfVes ahora menos contenido antivacunas en Internet?\">6. Facebook, Google, Amazon y otras empresas se han comprometido a reducir la visibilidad de la informaci\u00f3n antivacunas. 7. \u00bfVes ahora menos contenido antivacunas en Internet?<\/a><\/li><li class='ez-toc-page-1'><a class=\"ez-toc-link ez-toc-heading-9\" href=\"https:\/\/www.kolabtree.com\/blog\/es\/las-vacunas-causan-autismo-el-nuevo-estudio-de-kolabtree-explora-la-opinion-del-publico\/#What_We_Learned_from_This_Study\" title=\"Lo que hemos aprendido de este estudio\">Lo que hemos aprendido de este estudio<\/a><\/li><\/ul><\/nav><\/div>\n<p><b>El tema de las vacunas y el autismo es un tema que divide a la gente y suscita un gran debate. \u00bfCausan las vacunas el autismo? \u00bfQu\u00e9 dice la ciencia? \u00bfY qu\u00e9 cree realmente el p\u00fablico del Reino Unido? En nuestro nuevo estudio, hemos sondeado la opini\u00f3n para ver hasta qu\u00e9 punto la mala ciencia puede ser omnipresente.<\/b><\/p>\n<p><span style=\"font-weight: 400;\">La informaci\u00f3n m\u00e9dica inexacta o enga\u00f1osa es peligrosa. Puede impedir que las personas reciban la atenci\u00f3n m\u00e9dica que necesitan, y puede hacer que alguien act\u00fae de una manera que no es \u00f3ptima para su salud. Como <\/span><a href=\"https:\/\/journalofethics.ama-assn.org\/article\/why-health-professionals-should-speak-out-against-false-beliefs-internet\/2018-11\"><span style=\"font-weight: 400;\">una fuente afirma<\/span><\/a><span style=\"font-weight: 400;\">La \"amplia difusi\u00f3n y consumo de informaci\u00f3n sanitaria falsa o enga\u00f1osa, amplificada por Internet, plantea riesgos para la salud p\u00fablica y problemas tanto para la empresa sanitaria como para el gobierno\".<\/span><\/p>\n<p><span style=\"font-weight: 400;\">Cuando se habla de informaci\u00f3n m\u00e9dica enga\u00f1osa y de mitos sobre la salud en general, no hay mejor ejemplo que el de la relaci\u00f3n entre las vacunas y el autismo. El tema provoca mucha pasi\u00f3n y, en muchas situaciones, ira. Para entender la percepci\u00f3n que tiene el p\u00fablico de las vacunas y si causan o no el autismo, el equipo de <\/span><a href=\"https:\/\/www.kolabtree.com\/?utm_source=Blog&amp;utm_medium=Post&amp;utm_campaign=Vaccines-Autism\"><span style=\"font-weight: 400;\">Kolabtree<\/span><\/a><span style=\"font-weight: 400;\"> realiz\u00f3 un estudio. Se trata de explorar c\u00f3mo se difunde la desinformaci\u00f3n m\u00e9dica, lo omnipresente y peligrosa que puede ser la informaci\u00f3n m\u00e9dica enga\u00f1osa y el papel que desempe\u00f1a Internet en la difusi\u00f3n de esta informaci\u00f3n.<\/span><\/p>\n<h2><span class=\"ez-toc-section\" id=\"Do_Vaccines_Cause_Autism\"><\/span><b>\u00bfCausan las vacunas el autismo?<\/b><span class=\"ez-toc-section-end\"><\/span><\/h2>\n<p><span style=\"font-weight: 400;\">Antes de profundizar en las razones del estudio y en lo que ha revelado, creemos que es necesario hablar de la ciencia. \u00bfCausan las vacunas el autismo?<\/span><\/p>\n<p><span style=\"font-weight: 400;\">La respuesta corta es no. Las vacunas no causan autismo. Recientemente se ha llevado a cabo un importante estudio de cohortes a nivel poblacional que ha confirmado, una vez m\u00e1s, que no hay <\/span><a href=\"https:\/\/www.nhs.uk\/news\/medication\/no-link-between-mmr-and-autism-major-study-finds\/\"><span style=\"font-weight: 400;\">no se ha demostrado la relaci\u00f3n entre el autismo y la vacuna triple v\u00edrica<\/span><\/a><span style=\"font-weight: 400;\">. Pero este estudio no es ni mucho menos un caso aislado. A lo largo de los a\u00f1os, se han llevado a cabo muchos estudios acreditados y no hay, hasta ahora, <\/span><a href=\"https:\/\/www.historyofvaccines.org\/content\/articles\/do-vaccines-cause-autism\"><span style=\"font-weight: 400;\">no hay conexi\u00f3n demostrable<\/span><\/a><span style=\"font-weight: 400;\"> entre el autismo y la triple v\u00edrica.\u00a0<\/span><\/p>\n<p><span style=\"font-weight: 400;\">In an ideal world, this knowledge would be enough to put a parent\u2019s mind at rest, and yet the MMR-autism link continues to endure and studies continue to be carried out, eating up valuable <a href=\"https:\/\/www.kolabtree.com\/blog\/es\/ensuring-reproducibility-in-ai-driven-research-how-freelance-experts-can-help-in-biotech-and-healthcare\/\">investigaci\u00f3n<\/a> time and funding that could be used to make advances in autism. But why is this connection still so pervasive? Where did this health myth come from in the first place?<\/span><\/p>\n<p><b>\u00bfPor qu\u00e9 la gente cree que las vacunas causan autismo?<\/b><\/p>\n<p><span style=\"font-weight: 400;\">Este mito m\u00e9dico naci\u00f3 en 1997 tras la publicaci\u00f3n de un <\/span><a href=\"https:\/\/www.publichealth.org\/public-awareness\/understanding-vaccines\/vaccine-myths-debunked\/\"><span style=\"font-weight: 400;\">estudio del cirujano brit\u00e1nico Andrew Wakefield<\/span><\/a><span style=\"font-weight: 400;\">. El art\u00edculo se public\u00f3 en The Lancet, una prestigiosa revista m\u00e9dica, y suger\u00eda que la vacuna contra el sarampi\u00f3n, las paperas y la rubeola (SPR) estaba aumentando la incidencia del autismo en los ni\u00f1os brit\u00e1nicos.<\/span><\/p>\n<p><span style=\"font-weight: 400;\">En el estudio en cuesti\u00f3n participaron ocho ni\u00f1os. Esto es notable si tenemos en cuenta las repercusiones que acabar\u00eda teniendo, y pone de manifiesto la importancia de salvaguardar al p\u00fablico de la informaci\u00f3n m\u00e9dica falsa. El estudio fue inmediatamente refutado y desacreditado debido a graves errores de procedimiento, violaciones \u00e9ticas y conflictos de intereses financieros no revelados. El art\u00edculo fue retirado de The Lancet y Wakefield perdi\u00f3 su licencia m\u00e9dica.\u00a0<\/span><\/p>\n<p><span style=\"font-weight: 400;\">Por desgracia, el da\u00f1o ya estaba hecho. Padres aterrorizados se enteraron de la noticia y empezaron a retrasar, o directamente a rechazar, la vacunaci\u00f3n de sus hijos. Vacuna <\/span><a href=\"https:\/\/www.independent.co.uk\/life-style\/health-and-families\/despite-scepticism-europe-has-high-vaccination-rates-but-it-shouldn-t-be-complacent-a7702081.html\"><span style=\"font-weight: 400;\">La absorci\u00f3n en Gran Breta\u00f1a se desplom\u00f3<\/span><\/a><span style=\"font-weight: 400;\">. Incluso hoy en d\u00eda, el n\u00famero de pediatras que informan de rechazos de vacunas ha <\/span><a href=\"https:\/\/www.healthleadersmedia.com\/strategy\/anti-vax-movement-growing\"><span style=\"font-weight: 400;\">aument\u00f3 significativamente<\/span><\/a><span style=\"font-weight: 400;\">. Desde que se public\u00f3 el art\u00edculo en The Lancet, los rumores se han disparado y la desinformaci\u00f3n se ha difundido y amplificado por Internet.<\/span><\/p>\n<h2><span class=\"ez-toc-section\" id=\"Why_We_Conducted_This_Study\"><\/span><b>Por qu\u00e9 realizamos este estudio<\/b><span class=\"ez-toc-section-end\"><\/span><\/h2>\n<p><span style=\"font-weight: 400;\">Con este estudio, quer\u00edamos obtener un reflejo exacto de las actitudes de la gente hacia este mito de la salud.  La preocupaci\u00f3n por la vacuna triple v\u00edrica parece especialmente pertinente hoy en d\u00eda, dado que la <\/span><a href=\"https:\/\/metro.co.uk\/2019\/08\/19\/boris-johnson-takes-anti-vaxxers-uk-loses-measles-free-status-10593190\/\"><span style=\"font-weight: 400;\">El Reino Unido ha perdido recientemente su condici\u00f3n de \"libre de sarampi\u00f3n\".<\/span><\/a><span style=\"font-weight: 400;\"> con la Organizaci\u00f3n Mundial de la Salud (OMS), tres a\u00f1os despu\u00e9s de la eliminaci\u00f3n del virus en el Reino Unido. En la actualidad, solo 87,2% de los ni\u00f1os brit\u00e1nicos tienen su segunda dosis de la vacuna, frente a 88,6% en 2014-2015. Se han confirmado 231 casos de sarampi\u00f3n en el Reino Unido en el primer trimestre de 2019.<\/span><\/p>\n<p><span style=\"font-weight: 400;\">Como expertos m\u00e9dicos e investigadores, quer\u00edamos explorar si la gente realmente cree que las vacunas causan autismo y examinar si, en la era de las redes sociales, el p\u00fablico se deja enga\u00f1ar m\u00e1s f\u00e1cilmente por la desinformaci\u00f3n m\u00e9dica. Por \u00faltimo, quer\u00edamos descubrir si el <\/span><a href=\"https:\/\/blog.kolabtree.com\/how-healthcare-companies-can-recover-from-the-medic-update-in-3-steps\/\"><span style=\"font-weight: 400;\">Actualizaci\u00f3n de medicamentos<\/span><\/a><span style=\"font-weight: 400;\"> ha tenido un impacto significativo en el n\u00famero de personas que ven, y son influenciadas por, informaci\u00f3n m\u00e9dica inexacta sobre las vacunas.<\/span><\/p>\n<p><span style=\"font-weight: 400;\">A continuaci\u00f3n, comentamos las preguntas que formulamos al p\u00fablico y las respuestas que nos dieron.<\/span><\/p>\n<h2><span class=\"ez-toc-section\" id=\"1_Do_You_Believe_Vaccines_Cause_Autism\"><\/span><b>1. \u00bfCree que las vacunas causan autismo?<\/b><span class=\"ez-toc-section-end\"><\/span><\/h2>\n<p><img decoding=\"async\" loading=\"lazy\" class=\"alignnone wp-image-5904 size-large\" src=\"https:\/\/blog.kolabtree.com\/wp-content\/uploads\/2019\/08\/vaccine1-1024x329.png\" alt=\"\" width=\"702\" height=\"226\" srcset=\"https:\/\/www.kolabtree.com\/blog\/wp-content\/uploads\/2019\/08\/vaccine1-1024x329.png 1024w, https:\/\/www.kolabtree.com\/blog\/wp-content\/uploads\/2019\/08\/vaccine1-300x96.png 300w, https:\/\/www.kolabtree.com\/blog\/wp-content\/uploads\/2019\/08\/vaccine1-768x247.png 768w, https:\/\/www.kolabtree.com\/blog\/wp-content\/uploads\/2019\/08\/vaccine1.png 1028w\" sizes=\"(max-width: 702px) 100vw, 702px\" \/><\/p>\n<p><span style=\"font-weight: 400;\">Los resultados de esta pregunta son bastante reconfortantes. De nuestro tama\u00f1o de muestra, parece que la mayor\u00eda de las personas creen firmemente que no hay conexi\u00f3n entre la vacuna triple v\u00edrica y el autismo.<\/span><\/p>\n<p><span style=\"font-weight: 400;\">Si se observa la diferencia entre las opiniones de los hombres y las mujeres, hay una diferencia ligera pero insignificante. Son m\u00e1s las mujeres (66,5%) que los hombres (63,9%) los que contestan que no creen en ninguna relaci\u00f3n causal.\u00a0<\/span><\/p>\n<p><span style=\"font-weight: 400;\">Seg\u00fan nuestra investigaci\u00f3n, el grupo de edad m\u00e1s propenso a creer que las vacunas causan autismo es el de 35-44 a\u00f1os (11%). En este grupo, 16% de los hombres dijeron que cre\u00edan que las vacunas causaban autismo, en comparaci\u00f3n con s\u00f3lo 4,7% de las mujeres. Sin embargo, las mujeres tienden a ser m\u00e1s inseguras. En este grupo de edad 32,3% de las mujeres dijeron no estar seguras de la relaci\u00f3n, frente a s\u00f3lo 15% de los hombres.\u00a0<\/span><\/p>\n<p><span style=\"font-weight: 400;\">Lo que resulta ligeramente preocupante de estos datos es el n\u00famero de personas que se muestran indecisas sobre la relaci\u00f3n entre las vacunas y el autismo. A pesar de los estudios y los datos disponibles, algunas personas tienen espacio para la duda. De hecho, si se suman los que creen que hay <\/span><i><span style=\"font-weight: 400;\">es <\/span><\/i><span style=\"font-weight: 400;\">una conexi\u00f3n entre el autismo y las vacunas y los que no est\u00e1n seguros, podemos ver que el 34,7% de la poblaci\u00f3n ha sido impactado negativamente por la falsa informaci\u00f3n m\u00e9dica.<\/span><\/p>\n<h2><span class=\"ez-toc-section\" id=\"2_Do_You_Believe_the_Dangers_of_Vaccinations_Outweigh_the_Benefits\"><\/span><b>2. \u00bfCree que los peligros de las vacunas son mayores que los beneficios?<\/b><span class=\"ez-toc-section-end\"><\/span><\/h2>\n<p><img decoding=\"async\" loading=\"lazy\" class=\"alignnone wp-image-5905 size-full\" src=\"https:\/\/blog.kolabtree.com\/wp-content\/uploads\/2019\/08\/vaccine2.png\" alt=\"\" width=\"1026\" height=\"317\" srcset=\"https:\/\/www.kolabtree.com\/blog\/wp-content\/uploads\/2019\/08\/vaccine2.png 1026w, https:\/\/www.kolabtree.com\/blog\/wp-content\/uploads\/2019\/08\/vaccine2-300x93.png 300w, https:\/\/www.kolabtree.com\/blog\/wp-content\/uploads\/2019\/08\/vaccine2-1024x316.png 1024w, https:\/\/www.kolabtree.com\/blog\/wp-content\/uploads\/2019\/08\/vaccine2-768x237.png 768w\" sizes=\"(max-width: 1026px) 100vw, 1026px\" \/><span style=\"font-weight: 400;\">Como podemos ver, el 62,6% de las personas creen que los peligros de las vacunas no superan los beneficios. Sin embargo, el 16,5% de las personas cree que los peligros son un riesgo demasiado grande, mientras que el 21% no est\u00e1 seguro.<\/span><\/p>\n<p><span style=\"font-weight: 400;\">Incre\u00edblemente, mientras que s\u00f3lo el 12,4% de las mujeres dijo que cre\u00eda que los peligros de las vacunas superaban los beneficios ofrecidos, un notable 20,6% de los hombres de nuestra encuesta dijo que cre\u00eda que los peligros superaban los beneficios.<\/span><span style=\"font-weight: 400;\"><br \/>\n<\/span><\/p>\n<p><span style=\"font-weight: 400;\">Los mayores de 65 a\u00f1os son los m\u00e1s inclinados a creer que las vacunas son m\u00e1s peligrosas que beneficiosas (29,5%). Si lo comparamos con el 7,8% de los j\u00f3venes de 25 a 34 a\u00f1os que creen lo mismo, podemos afirmar claramente que cuanto m\u00e1s joven es la generaci\u00f3n, m\u00e1s c\u00f3modos se sienten los participantes con la seguridad de las vacunas.\u00a0<\/span><\/p>\n<h2><span class=\"ez-toc-section\" id=\"3_Have_You_Personally_Seen_Any_Anti-Vaccine_Content_on_One_or_More_of_the_Following_Platforms\"><\/span><b>3. \u00bfHa visto personalmente alg\u00fan contenido antivacunas en una o m\u00e1s de las siguientes plataformas?<\/b><span class=\"ez-toc-section-end\"><\/span><\/h2>\n<p><img decoding=\"async\" loading=\"lazy\" class=\"alignnone wp-image-5907 size-full\" src=\"https:\/\/blog.kolabtree.com\/wp-content\/uploads\/2019\/08\/vaccine4.png\" alt=\"\" width=\"1013\" height=\"498\" srcset=\"https:\/\/www.kolabtree.com\/blog\/wp-content\/uploads\/2019\/08\/vaccine4.png 1013w, https:\/\/www.kolabtree.com\/blog\/wp-content\/uploads\/2019\/08\/vaccine4-300x147.png 300w, https:\/\/www.kolabtree.com\/blog\/wp-content\/uploads\/2019\/08\/vaccine4-768x378.png 768w, https:\/\/www.kolabtree.com\/blog\/wp-content\/uploads\/2019\/08\/vaccine4-164x82.png 164w\" sizes=\"(max-width: 1013px) 100vw, 1013px\" \/><\/p>\n<p><span style=\"font-weight: 400;\">Nuestros resultados revelaron que, en general, la gente no ve mucho material antivacunas en las redes sociales, pero cuando lo hace, es predominantemente en Facebook.<\/span><\/p>\n<p><span style=\"font-weight: 400;\">Nuestros resultados tambi\u00e9n mostraron que un mayor n\u00famero de j\u00f3venes (sobre todo de 18 a 24 a\u00f1os) han visto contenidos antivacunas en las redes sociales. Esto se debe probablemente a que pasan m\u00e1s tiempo en estas plataformas. Los que menos contenido han visto en estas plataformas son los mayores de 65 a\u00f1os.<\/span><\/p>\n<h2><span class=\"ez-toc-section\" id=\"4_Do_You_Think_the_Post_Below_Is_a_Credible_Source_of_Information_about_Vaccines\"><\/span><b>4. \u00bfCree que el siguiente post es una fuente de informaci\u00f3n cre\u00edble sobre las vacunas?<\/b><span class=\"ez-toc-section-end\"><\/span><\/h2>\n<p><span style=\"font-weight: 400;\"><img decoding=\"async\" loading=\"lazy\" class=\"alignnone wp-image-5906 size-full\" src=\"https:\/\/blog.kolabtree.com\/wp-content\/uploads\/2019\/08\/vaccine3.png\" alt=\"\" width=\"1033\" height=\"329\" srcset=\"https:\/\/www.kolabtree.com\/blog\/wp-content\/uploads\/2019\/08\/vaccine3.png 1033w, https:\/\/www.kolabtree.com\/blog\/wp-content\/uploads\/2019\/08\/vaccine3-300x96.png 300w, https:\/\/www.kolabtree.com\/blog\/wp-content\/uploads\/2019\/08\/vaccine3-1024x326.png 1024w, https:\/\/www.kolabtree.com\/blog\/wp-content\/uploads\/2019\/08\/vaccine3-768x245.png 768w\" sizes=\"(max-width: 1033px) 100vw, 1033px\" \/><\/span><\/p>\n<p><img decoding=\"async\" loading=\"lazy\" class=\"alignnone wp-image-5908 size-full\" src=\"https:\/\/blog.kolabtree.com\/wp-content\/uploads\/2019\/08\/vaccine5.png\" alt=\"\" width=\"1152\" height=\"583\" srcset=\"https:\/\/www.kolabtree.com\/blog\/wp-content\/uploads\/2019\/08\/vaccine5.png 1152w, https:\/\/www.kolabtree.com\/blog\/wp-content\/uploads\/2019\/08\/vaccine5-300x152.png 300w, https:\/\/www.kolabtree.com\/blog\/wp-content\/uploads\/2019\/08\/vaccine5-1024x518.png 1024w, https:\/\/www.kolabtree.com\/blog\/wp-content\/uploads\/2019\/08\/vaccine5-768x389.png 768w, https:\/\/www.kolabtree.com\/blog\/wp-content\/uploads\/2019\/08\/vaccine5-1080x547.png 1080w, https:\/\/www.kolabtree.com\/blog\/wp-content\/uploads\/2019\/08\/vaccine5-474x240.png 474w, https:\/\/www.kolabtree.com\/blog\/wp-content\/uploads\/2019\/08\/vaccine5-164x82.png 164w\" sizes=\"(max-width: 1152px) 100vw, 1152px\" \/><\/p>\n<p><span style=\"font-weight: 400;\">La mayor\u00eda de nuestros participantes desconf\u00edan de esta cuenta en las redes sociales, ya que el 90,9% dice que no es una fuente de informaci\u00f3n cre\u00edble. Solo el 9,1% cree que es digna de confianza.<\/span><\/p>\n<p><span style=\"font-weight: 400;\">Aunque tanto los hombres como las mujeres piensan mayoritariamente que es una mala fuente de informaci\u00f3n, son m\u00e1s las mujeres (94,2%) que los hombres (87,2%) quienes lo creen.<\/span><\/p>\n<h2><span class=\"ez-toc-section\" id=\"5_Do_You_Think_That_the_Account_in_the_Picture_Below_Is_a_Credible_Source_of_Information_about_Vaccines\"><\/span><b>5. \u00bfCree que la cuenta de la imagen de abajo es una fuente de informaci\u00f3n cre\u00edble sobre las vacunas?<\/b><span class=\"ez-toc-section-end\"><\/span><\/h2>\n<p><span style=\"font-weight: 400;\"><img decoding=\"async\" loading=\"lazy\" class=\"alignnone wp-image-5910 size-large\" src=\"https:\/\/blog.kolabtree.com\/wp-content\/uploads\/2019\/08\/vaccine7-1024x310.png\" alt=\"\" width=\"702\" height=\"213\" srcset=\"https:\/\/www.kolabtree.com\/blog\/wp-content\/uploads\/2019\/08\/vaccine7-1024x310.png 1024w, https:\/\/www.kolabtree.com\/blog\/wp-content\/uploads\/2019\/08\/vaccine7-300x91.png 300w, https:\/\/www.kolabtree.com\/blog\/wp-content\/uploads\/2019\/08\/vaccine7-768x232.png 768w, https:\/\/www.kolabtree.com\/blog\/wp-content\/uploads\/2019\/08\/vaccine7.png 1025w\" sizes=\"(max-width: 702px) 100vw, 702px\" \/><\/span><\/p>\n<p><span style=\"font-weight: 400;\"><img decoding=\"async\" loading=\"lazy\" class=\"alignnone wp-image-5909 size-large\" src=\"https:\/\/blog.kolabtree.com\/wp-content\/uploads\/2019\/08\/vaccine6-1024x375.png\" alt=\"\" width=\"702\" height=\"257\" srcset=\"https:\/\/www.kolabtree.com\/blog\/wp-content\/uploads\/2019\/08\/vaccine6-1024x375.png 1024w, https:\/\/www.kolabtree.com\/blog\/wp-content\/uploads\/2019\/08\/vaccine6-300x110.png 300w, https:\/\/www.kolabtree.com\/blog\/wp-content\/uploads\/2019\/08\/vaccine6-768x281.png 768w, https:\/\/www.kolabtree.com\/blog\/wp-content\/uploads\/2019\/08\/vaccine6.png 1033w\" sizes=\"(max-width: 702px) 100vw, 702px\" \/><\/span><\/p>\n<p><span style=\"font-weight: 400;\">Al igual que en la pregunta anterior, podemos ver que la mayor\u00eda de las personas son cr\u00edticas con las cuentas de las redes sociales anti-vacunas, con un 86,5% de personas que creen que no es una fuente de informaci\u00f3n cre\u00edble sobre las vacunas, frente a s\u00f3lo un 13,5% que creen que s\u00ed lo es.<\/span><\/p>\n<h2><span class=\"ez-toc-section\" id=\"6_Facebook_Google_Amazon_and_Other_Companies_Have_Pledged_to_Reduce_the_Visibility_of_Anti-Vaccine_Information_Do_You_See_Less_Anti-Vaccine_Content_Online_Now\"><\/span><b>6. Facebook, Google, Amazon y otras empresas se han comprometido a reducir la visibilidad de la informaci\u00f3n antivacunas. 7. \u00bfVes ahora menos contenido antivacunas en Internet?<\/b><span class=\"ez-toc-section-end\"><\/span><\/h2>\n<p><img decoding=\"async\" loading=\"lazy\" class=\"alignnone wp-image-5911 size-full\" src=\"https:\/\/blog.kolabtree.com\/wp-content\/uploads\/2019\/08\/vaccine8.png\" alt=\"\" width=\"983\" height=\"332\" srcset=\"https:\/\/www.kolabtree.com\/blog\/wp-content\/uploads\/2019\/08\/vaccine8.png 983w, https:\/\/www.kolabtree.com\/blog\/wp-content\/uploads\/2019\/08\/vaccine8-300x101.png 300w, https:\/\/www.kolabtree.com\/blog\/wp-content\/uploads\/2019\/08\/vaccine8-768x259.png 768w\" sizes=\"(max-width: 983px) 100vw, 983px\" \/><\/p>\n<p><span style=\"font-weight: 400;\">Despu\u00e9s de que los m\u00e9dicos cuestionaran que empresas como Google, Facebook y Amazon <\/span><a href=\"https:\/\/www.cbsnews.com\/news\/tech-companies-fight-against-vaccine-misinformation-prompts-free-speech-debate\/\"><span style=\"font-weight: 400;\">compartir parte de la culpa<\/span><\/a><span style=\"font-weight: 400;\"> en el aumento de ni\u00f1os sin vacunar, estas mismas empresas acordaron tomar medidas para limitar la difusi\u00f3n de esta desinformaci\u00f3n. Parece que, en general, la gente no es consciente de este cambio, ya que el 72,4% de las personas dicen no estar seguros de si est\u00e1n viendo m\u00e1s o menos contenido relacionado con las vacunas y el autismo. El 17,8%, sin embargo, es consciente de que hay menos contenido antivacunas en las redes sociales, lo cual es un primer paso positivo y una noticia prometedora para la informaci\u00f3n m\u00e9dica en general.<\/span><\/p>\n<h2><span class=\"ez-toc-section\" id=\"What_We_Learned_from_This_Study\"><\/span><b>Lo que hemos aprendido de este estudio<\/b><span class=\"ez-toc-section-end\"><\/span><\/h2>\n<p><span style=\"font-weight: 400;\">En \u00faltima instancia, este estudio fue tranquilizador al confirmar que la mayor\u00eda de las personas parecen tener la cabeza fr\u00eda cuando se trata de la ciencia de las vacunas MMR y el autismo. La mayor\u00eda de la gente no cree en la relaci\u00f3n y no se deja influir por las cuentas enga\u00f1osas de las redes sociales. Sin embargo, el hecho de que haya tantas personas que parecen indecisas es preocupante. Adem\u00e1s, demuestra que es vital que empresas como Google, Facebook y Amazon tomen medidas para evitar que la gente se exponga a contenidos m\u00e9dicos enga\u00f1osos y peligrosos.<\/span><\/p>\n<p><b>&#8212;<br \/>\n\u00bfBusca un cient\u00edfico profesional cualificado que le ayude a realizar estudios de investigaci\u00f3n o a verificar informaci\u00f3n? <\/b><a href=\"https:\/\/www.kolabtree.com\/find-an-expert?utm_source=Blog&amp;utm_medium=Post&amp;utm_campaign=Vaccines-Autism\"><b>Contrata a cient\u00edficos aut\u00f3nomos en Kolabtree<\/b><\/a><b> y tenga la seguridad de que su proyecto est\u00e1 en buenas manos.<\/b><\/p>\n<p><em>&#8212;<br \/>\nEncuentre <a href=\"https:\/\/jooble.org\/jobs-medical\">trabajos m\u00e9dicos<\/a> de los mejores empleadores.\u00a0<\/em><\/p>","protected":false},"excerpt":{"rendered":"<p>El tema de las vacunas y el autismo es un tema que divide a la gente y suscita un gran debate. \u00bfCausan las vacunas el autismo? \u00bfQu\u00e9 dice la ciencia? \u00bfY qu\u00e9 cree realmente el p\u00fablico del Reino Unido? En nuestro nuevo estudio, hemos sondeado la opini\u00f3n para ver hasta qu\u00e9 punto la mala ciencia puede ser omnipresente. La medicina inexacta o enga\u00f1osa<\/p>\n<div class=\"read-more\"><a href=\"https:\/\/www.kolabtree.com\/blog\/es\/las-vacunas-causan-autismo-el-nuevo-estudio-de-kolabtree-explora-la-opinion-del-publico\/\" title=\"Leer m\u00e1s\">Leer m\u00e1s<\/a><\/div>","protected":false},"author":12,"featured_media":5912,"comment_status":"open","ping_status":"open","sticky":false,"template":"","format":"standard","meta":[],"categories":[314],"tags":[],"acf":[],"yoast_head":"<!-- This site is optimized with the Yoast SEO Premium plugin v20.1 (Yoast SEO v20.1) - https:\/\/yoast.com\/wordpress\/plugins\/seo\/ -->\n<title>Do Vaccines Cause Autism? Study Explores Public Views | Kolabtree<\/title>\n<meta name=\"description\" content=\"Do vaccines cause autism? Our new study reveals generational and gender divides and examines public views to explore the pervasiveness of bad science\" \/>\n<meta name=\"robots\" content=\"index, follow, max-snippet:-1, max-image-preview:large, max-video-preview:-1\" \/>\n<link rel=\"canonical\" href=\"https:\/\/www.kolabtree.com\/blog\/es\/do-vaccines-cause-autism-new-kolabtree-study-explores-public-views\/\" \/>\n<meta property=\"og:locale\" content=\"es_ES\" \/>\n<meta property=\"og:type\" content=\"article\" \/>\n<meta property=\"og:title\" content=\"Do Vaccines Cause Autism? New Kolabtree Study Explores Public Views\" \/>\n<meta property=\"og:description\" content=\"Do vaccines cause autism? Our new study reveals generational and gender divides and examines public views to explore the pervasiveness of bad science\" \/>\n<meta property=\"og:url\" content=\"https:\/\/www.kolabtree.com\/blog\/es\/do-vaccines-cause-autism-new-kolabtree-study-explores-public-views\/\" \/>\n<meta property=\"og:site_name\" content=\"The Kolabtree Blog\" \/>\n<meta property=\"article:publisher\" content=\"https:\/\/www.facebook.com\/kolabtree\" \/>\n<meta property=\"article:published_time\" content=\"2019-08-20T10:22:45+00:00\" \/>\n<meta property=\"article:modified_time\" content=\"2020-11-09T08:59:24+00:00\" \/>\n<meta property=\"og:image\" content=\"https:\/\/www.kolabtree.com\/blog\/wp-content\/uploads\/2019\/08\/vaccines-autism-poll.jpg\" \/>\n\t<meta property=\"og:image:width\" content=\"1000\" \/>\n\t<meta property=\"og:image:height\" content=\"667\" \/>\n\t<meta property=\"og:image:type\" content=\"image\/jpeg\" \/>\n<meta name=\"author\" content=\"Ramya Sriram\" \/>\n<meta name=\"twitter:card\" content=\"summary_large_image\" \/>\n<meta name=\"twitter:creator\" content=\"@kolabtree\" \/>\n<meta name=\"twitter:site\" content=\"@kolabtree\" \/>\n<meta name=\"twitter:label1\" content=\"Escrito por\" \/>\n\t<meta name=\"twitter:data1\" content=\"Ramya Sriram\" \/>\n\t<meta name=\"twitter:label2\" content=\"Tiempo de lectura\" \/>\n\t<meta name=\"twitter:data2\" content=\"8 minutos\" \/>\n<!-- \/ Yoast SEO Premium plugin. -->","yoast_head_json":{"title":"Do Vaccines Cause Autism? Study Explores Public Views | Kolabtree","description":"Do vaccines cause autism? Our new study reveals generational and gender divides and examines public views to explore the pervasiveness of bad science","robots":{"index":"index","follow":"follow","max-snippet":"max-snippet:-1","max-image-preview":"max-image-preview:large","max-video-preview":"max-video-preview:-1"},"canonical":"https:\/\/www.kolabtree.com\/blog\/es\/do-vaccines-cause-autism-new-kolabtree-study-explores-public-views\/","og_locale":"es_ES","og_type":"article","og_title":"Do Vaccines Cause Autism? New Kolabtree Study Explores Public Views","og_description":"Do vaccines cause autism? Our new study reveals generational and gender divides and examines public views to explore the pervasiveness of bad science","og_url":"https:\/\/www.kolabtree.com\/blog\/es\/do-vaccines-cause-autism-new-kolabtree-study-explores-public-views\/","og_site_name":"The Kolabtree Blog","article_publisher":"https:\/\/www.facebook.com\/kolabtree","article_published_time":"2019-08-20T10:22:45+00:00","article_modified_time":"2020-11-09T08:59:24+00:00","og_image":[{"width":1000,"height":667,"url":"https:\/\/www.kolabtree.com\/blog\/wp-content\/uploads\/2019\/08\/vaccines-autism-poll.jpg","type":"image\/jpeg"}],"author":"Ramya Sriram","twitter_card":"summary_large_image","twitter_creator":"@kolabtree","twitter_site":"@kolabtree","twitter_misc":{"Escrito por":"Ramya Sriram","Tiempo de lectura":"8 minutos"},"schema":{"@context":"https:\/\/schema.org","@graph":[{"@type":"Article","@id":"https:\/\/www.kolabtree.com\/blog\/de\/do-vaccines-cause-autism-new-kolabtree-study-explores-public-views\/#article","isPartOf":{"@id":"https:\/\/www.kolabtree.com\/blog\/de\/do-vaccines-cause-autism-new-kolabtree-study-explores-public-views\/"},"author":{"name":"Ramya Sriram","@id":"https:\/\/www.kolabtree.com\/blog\/#\/schema\/person\/81992f5863a1b06d132a47822e7b4400"},"headline":"Do Vaccines Cause Autism? New Kolabtree Study Explores Public Views","datePublished":"2019-08-20T10:22:45+00:00","dateModified":"2020-11-09T08:59:24+00:00","mainEntityOfPage":{"@id":"https:\/\/www.kolabtree.com\/blog\/de\/do-vaccines-cause-autism-new-kolabtree-study-explores-public-views\/"},"wordCount":1533,"commentCount":0,"publisher":{"@id":"https:\/\/www.kolabtree.com\/blog\/#organization"},"articleSection":["News &amp; Events"],"inLanguage":"es","potentialAction":[{"@type":"CommentAction","name":"Comment","target":["https:\/\/www.kolabtree.com\/blog\/de\/do-vaccines-cause-autism-new-kolabtree-study-explores-public-views\/#respond"]}]},{"@type":"WebPage","@id":"https:\/\/www.kolabtree.com\/blog\/de\/do-vaccines-cause-autism-new-kolabtree-study-explores-public-views\/","url":"https:\/\/www.kolabtree.com\/blog\/de\/do-vaccines-cause-autism-new-kolabtree-study-explores-public-views\/","name":"Do Vaccines Cause Autism? Study Explores Public Views | Kolabtree","isPartOf":{"@id":"https:\/\/www.kolabtree.com\/blog\/#website"},"datePublished":"2019-08-20T10:22:45+00:00","dateModified":"2020-11-09T08:59:24+00:00","description":"Do vaccines cause autism? Our new study reveals generational and gender divides and examines public views to explore the pervasiveness of bad science","breadcrumb":{"@id":"https:\/\/www.kolabtree.com\/blog\/de\/do-vaccines-cause-autism-new-kolabtree-study-explores-public-views\/#breadcrumb"},"inLanguage":"es","potentialAction":[{"@type":"ReadAction","target":["https:\/\/www.kolabtree.com\/blog\/de\/do-vaccines-cause-autism-new-kolabtree-study-explores-public-views\/"]}]},{"@type":"BreadcrumbList","@id":"https:\/\/www.kolabtree.com\/blog\/de\/do-vaccines-cause-autism-new-kolabtree-study-explores-public-views\/#breadcrumb","itemListElement":[{"@type":"ListItem","position":1,"name":"Home","item":"https:\/\/www.kolabtree.com\/blog\/"},{"@type":"ListItem","position":2,"name":"Do Vaccines Cause Autism? New Kolabtree Study Explores Public Views"}]},{"@type":"WebSite","@id":"https:\/\/www.kolabtree.com\/blog\/#website","url":"https:\/\/www.kolabtree.com\/blog\/","name":"The Kolabtree Blog","description":"Expert Views on Science, Innovation and Product Development","publisher":{"@id":"https:\/\/www.kolabtree.com\/blog\/#organization"},"potentialAction":[{"@type":"SearchAction","target":{"@type":"EntryPoint","urlTemplate":"https:\/\/www.kolabtree.com\/blog\/?s={search_term_string}"},"query-input":"required name=search_term_string"}],"inLanguage":"es"},{"@type":"Organization","@id":"https:\/\/www.kolabtree.com\/blog\/#organization","name":"Kolabtree","url":"https:\/\/www.kolabtree.com\/blog\/","logo":{"@type":"ImageObject","inLanguage":"es","@id":"https:\/\/www.kolabtree.com\/blog\/#\/schema\/logo\/image\/","url":"","contentUrl":"","caption":"Kolabtree"},"image":{"@id":"https:\/\/www.kolabtree.com\/blog\/#\/schema\/logo\/image\/"},"sameAs":["https:\/\/www.facebook.com\/kolabtree","https:\/\/twitter.com\/kolabtree","https:\/\/instagram.com\/kolabtree","https:\/\/www.linkedin.com\/company\/kolabtree","https:\/\/en.m.wikipedia.org\/wiki\/Kolabtree"]},{"@type":"Person","@id":"https:\/\/www.kolabtree.com\/blog\/#\/schema\/person\/81992f5863a1b06d132a47822e7b4400","name":"Ramya Sriram","image":{"@type":"ImageObject","inLanguage":"es","@id":"https:\/\/www.kolabtree.com\/blog\/#\/schema\/person\/image\/","url":"https:\/\/secure.gravatar.com\/avatar\/8100b45c960ebbbbe420e8b3f250515f?s=96&d=mm&r=g","contentUrl":"https:\/\/secure.gravatar.com\/avatar\/8100b45c960ebbbbe420e8b3f250515f?s=96&d=mm&r=g","caption":"Ramya Sriram"},"description":"Ramya Sriram manages digital content and communications at Kolabtree (kolabtree.com), the world's largest freelancing platform for scientists. She has over a decade of experience in publishing, advertising and digital content creation.","url":"https:\/\/www.kolabtree.com\/blog\/es\/author\/ramyas\/"}]}},"amp_enabled":true,"_links":{"self":[{"href":"https:\/\/www.kolabtree.com\/blog\/es\/wp-json\/wp\/v2\/posts\/5901"}],"collection":[{"href":"https:\/\/www.kolabtree.com\/blog\/es\/wp-json\/wp\/v2\/posts"}],"about":[{"href":"https:\/\/www.kolabtree.com\/blog\/es\/wp-json\/wp\/v2\/types\/post"}],"author":[{"embeddable":true,"href":"https:\/\/www.kolabtree.com\/blog\/es\/wp-json\/wp\/v2\/users\/12"}],"replies":[{"embeddable":true,"href":"https:\/\/www.kolabtree.com\/blog\/es\/wp-json\/wp\/v2\/comments?post=5901"}],"version-history":[{"count":5,"href":"https:\/\/www.kolabtree.com\/blog\/es\/wp-json\/wp\/v2\/posts\/5901\/revisions"}],"predecessor-version":[{"id":8534,"href":"https:\/\/www.kolabtree.com\/blog\/es\/wp-json\/wp\/v2\/posts\/5901\/revisions\/8534"}],"wp:featuredmedia":[{"embeddable":true,"href":"https:\/\/www.kolabtree.com\/blog\/es\/wp-json\/wp\/v2\/media\/5912"}],"wp:attachment":[{"href":"https:\/\/www.kolabtree.com\/blog\/es\/wp-json\/wp\/v2\/media?parent=5901"}],"wp:term":[{"taxonomy":"category","embeddable":true,"href":"https:\/\/www.kolabtree.com\/blog\/es\/wp-json\/wp\/v2\/categories?post=5901"},{"taxonomy":"post_tag","embeddable":true,"href":"https:\/\/www.kolabtree.com\/blog\/es\/wp-json\/wp\/v2\/tags?post=5901"}],"curies":[{"name":"wp","href":"https:\/\/api.w.org\/{rel}","templated":true}]}}