{"id":5901,"date":"2019-08-20T10:22:45","date_gmt":"2019-08-20T10:22:45","guid":{"rendered":"https:\/\/blog.kolabtree.com\/?p=5901"},"modified":"2020-11-09T08:59:24","modified_gmt":"2020-11-09T08:59:24","slug":"do-vaccines-cause-autism-new-kolabtree-study-explores-public-views","status":"publish","type":"post","link":"https:\/\/www.kolabtree.com\/blog\/de\/do-vaccines-cause-autism-new-kolabtree-study-explores-public-views\/","title":{"rendered":"Verursachen Impfstoffe Autismus? Neue Kolabtree-Studie erforscht \u00f6ffentliche Meinung"},"content":{"rendered":"<div id=\"ez-toc-container\" class=\"ez-toc-v2_0_45_1 counter-flat ez-toc-counter ez-toc-grey ez-toc-container-direction\">\n<div class=\"ez-toc-title-container\">\n<p class=\"ez-toc-title\">Das Inhaltsverzeichnis<\/p>\n<span class=\"ez-toc-title-toggle\"><a href=\"#\" class=\"ez-toc-pull-right ez-toc-btn ez-toc-btn-xs ez-toc-btn-default ez-toc-toggle\" area-label=\"ez-toc-toggle-icon-1\"><label for=\"item-69f3b2144128f\" aria-label=\"Table of Content\"><span style=\"display: flex;align-items: center;width: 35px;height: 30px;justify-content: center;direction:ltr;\"><svg style=\"fill: #999;color:#999\" xmlns=\"http:\/\/www.w3.org\/2000\/svg\" class=\"list-377408\" width=\"20px\" height=\"20px\" viewbox=\"0 0 24 24\" fill=\"none\"><path d=\"M6 6H4v2h2V6zm14 0H8v2h12V6zM4 11h2v2H4v-2zm16 0H8v2h12v-2zM4 16h2v2H4v-2zm16 0H8v2h12v-2z\" fill=\"currentColor\"><\/path><\/svg><svg style=\"fill: #999;color:#999\" class=\"arrow-unsorted-368013\" xmlns=\"http:\/\/www.w3.org\/2000\/svg\" width=\"10px\" height=\"10px\" viewbox=\"0 0 24 24\" version=\"1.2\" baseprofile=\"tiny\"><path d=\"M18.2 9.3l-6.2-6.3-6.2 6.3c-.2.2-.3.4-.3.7s.1.5.3.7c.2.2.4.3.7.3h11c.3 0 .5-.1.7-.3.2-.2.3-.5.3-.7s-.1-.5-.3-.7zM5.8 14.7l6.2 6.3 6.2-6.3c.2-.2.3-.5.3-.7s-.1-.5-.3-.7c-.2-.2-.4-.3-.7-.3h-11c-.3 0-.5.1-.7.3-.2.2-.3.5-.3.7s.1.5.3.7z\"\/><\/svg><\/span><\/label><input  type=\"checkbox\" id=\"item-69f3b2144128f\"><\/a><\/span><\/div>\n<nav><ul class='ez-toc-list ez-toc-list-level-1' ><li class='ez-toc-page-1'><a class=\"ez-toc-link ez-toc-heading-1\" href=\"https:\/\/www.kolabtree.com\/blog\/de\/do-vaccines-cause-autism-new-kolabtree-study-explores-public-views\/#Do_Vaccines_Cause_Autism\" title=\"Verursachen Impfstoffe Autismus?\">Verursachen Impfstoffe Autismus?<\/a><\/li><li class='ez-toc-page-1'><a class=\"ez-toc-link ez-toc-heading-2\" href=\"https:\/\/www.kolabtree.com\/blog\/de\/do-vaccines-cause-autism-new-kolabtree-study-explores-public-views\/#Why_We_Conducted_This_Study\" title=\"Warum wir diese Studie durchgef\u00fchrt haben\">Warum wir diese Studie durchgef\u00fchrt haben<\/a><\/li><li class='ez-toc-page-1'><a class=\"ez-toc-link ez-toc-heading-3\" href=\"https:\/\/www.kolabtree.com\/blog\/de\/do-vaccines-cause-autism-new-kolabtree-study-explores-public-views\/#1_Do_You_Believe_Vaccines_Cause_Autism\" title=\"1. Glauben Sie, dass Impfstoffe Autismus verursachen?\">1. Glauben Sie, dass Impfstoffe Autismus verursachen?<\/a><\/li><li class='ez-toc-page-1'><a class=\"ez-toc-link ez-toc-heading-4\" href=\"https:\/\/www.kolabtree.com\/blog\/de\/do-vaccines-cause-autism-new-kolabtree-study-explores-public-views\/#2_Do_You_Believe_the_Dangers_of_Vaccinations_Outweigh_the_Benefits\" title=\"2. Glauben Sie, dass die Gefahren von Impfungen den Nutzen \u00fcberwiegen?\">2. Glauben Sie, dass die Gefahren von Impfungen den Nutzen \u00fcberwiegen?<\/a><\/li><li class='ez-toc-page-1'><a class=\"ez-toc-link ez-toc-heading-5\" href=\"https:\/\/www.kolabtree.com\/blog\/de\/do-vaccines-cause-autism-new-kolabtree-study-explores-public-views\/#3_Have_You_Personally_Seen_Any_Anti-Vaccine_Content_on_One_or_More_of_the_Following_Platforms\" title=\"3. Haben Sie pers\u00f6nlich Antiimpfstoff-Inhalte auf einer oder mehreren der folgenden Plattformen gesehen?\">3. Haben Sie pers\u00f6nlich Antiimpfstoff-Inhalte auf einer oder mehreren der folgenden Plattformen gesehen?<\/a><\/li><li class='ez-toc-page-1'><a class=\"ez-toc-link ez-toc-heading-6\" href=\"https:\/\/www.kolabtree.com\/blog\/de\/do-vaccines-cause-autism-new-kolabtree-study-explores-public-views\/#4_Do_You_Think_the_Post_Below_Is_a_Credible_Source_of_Information_about_Vaccines\" title=\"4. Glauben Sie, dass der unten stehende Beitrag eine glaubw\u00fcrdige Informationsquelle \u00fcber Impfstoffe ist?\">4. Glauben Sie, dass der unten stehende Beitrag eine glaubw\u00fcrdige Informationsquelle \u00fcber Impfstoffe ist?<\/a><\/li><li class='ez-toc-page-1'><a class=\"ez-toc-link ez-toc-heading-7\" href=\"https:\/\/www.kolabtree.com\/blog\/de\/do-vaccines-cause-autism-new-kolabtree-study-explores-public-views\/#5_Do_You_Think_That_the_Account_in_the_Picture_Below_Is_a_Credible_Source_of_Information_about_Vaccines\" title=\"5. Glauben Sie, dass das Konto auf dem Bild unten eine glaubw\u00fcrdige Informationsquelle \u00fcber Impfstoffe ist?\">5. Glauben Sie, dass das Konto auf dem Bild unten eine glaubw\u00fcrdige Informationsquelle \u00fcber Impfstoffe ist?<\/a><\/li><li class='ez-toc-page-1'><a class=\"ez-toc-link ez-toc-heading-8\" href=\"https:\/\/www.kolabtree.com\/blog\/de\/do-vaccines-cause-autism-new-kolabtree-study-explores-public-views\/#6_Facebook_Google_Amazon_and_Other_Companies_Have_Pledged_to_Reduce_the_Visibility_of_Anti-Vaccine_Information_Do_You_See_Less_Anti-Vaccine_Content_Online_Now\" title=\"6. Facebook, Google, Amazon und andere Unternehmen haben sich verpflichtet, die Sichtbarkeit von Anti-Impf-Informationen zu reduzieren. Sehen Sie jetzt weniger Antiimpfstoff-Inhalte im Internet?\">6. Facebook, Google, Amazon und andere Unternehmen haben sich verpflichtet, die Sichtbarkeit von Anti-Impf-Informationen zu reduzieren. Sehen Sie jetzt weniger Antiimpfstoff-Inhalte im Internet?<\/a><\/li><li class='ez-toc-page-1'><a class=\"ez-toc-link ez-toc-heading-9\" href=\"https:\/\/www.kolabtree.com\/blog\/de\/do-vaccines-cause-autism-new-kolabtree-study-explores-public-views\/#What_We_Learned_from_This_Study\" title=\"Was wir aus dieser Studie gelernt haben\">Was wir aus dieser Studie gelernt haben<\/a><\/li><\/ul><\/nav><\/div>\n<p><b>Das Thema Impfungen und Autismus ist ein Thema, das die Menschen spaltet und viele hitzige Debatten ausl\u00f6st. Verursachen Impfstoffe Autismus? Was sagt die Wissenschaft dazu? Und was glaubt die britische \u00d6ffentlichkeit wirklich? In unserer neuen Studie haben wir eine Meinungsumfrage durchgef\u00fchrt, um festzustellen, wie weit verbreitet schlechte Wissenschaft sein kann.<\/b><\/p>\n<p><span style=\"font-weight: 400;\">Ungenaue oder irref\u00fchrende medizinische Informationen sind gef\u00e4hrlich. Sie k\u00f6nnen Menschen davon abhalten, die ben\u00f6tigte medizinische Versorgung zu erhalten, und sie k\u00f6nnen dazu f\u00fchren, dass jemand auf eine Weise handelt, die f\u00fcr seine Gesundheit alles andere als optimal ist. Wie <\/span><a href=\"https:\/\/journalofethics.ama-assn.org\/article\/why-health-professionals-should-speak-out-against-false-beliefs-internet\/2018-11\"><span style=\"font-weight: 400;\">Eine Quelle besagt<\/span><\/a><span style=\"font-weight: 400;\">Die weite Verbreitung und der Konsum falscher oder irref\u00fchrender Gesundheitsinformationen, die durch das Internet noch verst\u00e4rkt werden, stellen ein Risiko f\u00fcr die \u00f6ffentliche Gesundheit und ein Problem f\u00fcr das Gesundheitswesen und die Regierung dar.<\/span><\/p>\n<p><span style=\"font-weight: 400;\">Wenn es um irref\u00fchrende medizinische Informationen und Gesundheitsmythen im Allgemeinen geht, gibt es kein besseres Beispiel als das des Zusammenhangs zwischen Impfstoffen und Autismus. Das Thema l\u00f6st viel Leidenschaft und in vielen F\u00e4llen auch Wut aus. Um zu verstehen, wie Impfstoffe in der \u00d6ffentlichkeit wahrgenommen werden und ob sie Autismus verursachen oder nicht, hat das Team von <\/span><a href=\"https:\/\/www.kolabtree.com\/?utm_source=Blog&amp;utm_medium=Post&amp;utm_campaign=Vaccines-Autism\"><span style=\"font-weight: 400;\">Kolabtree<\/span><\/a><span style=\"font-weight: 400;\"> eine Studie durchgef\u00fchrt. Damit soll untersucht werden, wie medizinische Fehlinformationen verbreitet werden, wie weit verbreitet und gef\u00e4hrlich irref\u00fchrende medizinische Informationen sein k\u00f6nnen und welche Rolle das Internet bei der Verbreitung dieser Informationen spielt.<\/span><\/p>\n<h2><span class=\"ez-toc-section\" id=\"Do_Vaccines_Cause_Autism\"><\/span><b>Verursachen Impfstoffe Autismus?<\/b><span class=\"ez-toc-section-end\"><\/span><\/h2>\n<p><span style=\"font-weight: 400;\">Bevor wir uns n\u00e4her mit den Gr\u00fcnden f\u00fcr die Studie und ihren Ergebnissen befassen, halten wir es f\u00fcr notwendig, die wissenschaftliche Seite zu er\u00f6rtern. Verursachen Impfstoffe Autismus?<\/span><\/p>\n<p><span style=\"font-weight: 400;\">Die kurze Antwort lautet nein. Impfstoffe verursachen keinen Autismus. Vor kurzem wurde eine gro\u00dfe bev\u00f6lkerungsweite Kohortenstudie durchgef\u00fchrt, die einmal mehr best\u00e4tigt hat, dass es <\/span><a href=\"https:\/\/www.nhs.uk\/news\/medication\/no-link-between-mmr-and-autism-major-study-finds\/\"><span style=\"font-weight: 400;\">kein nachgewiesener Zusammenhang zwischen Autismus und der MMR-Impfung<\/span><\/a><span style=\"font-weight: 400;\">. Aber diese Studie ist bei weitem kein Einzelfall. Im Laufe der Jahre sind viele seri\u00f6se Studien durchgef\u00fchrt worden, und es gibt bis jetzt noch keine, <\/span><a href=\"https:\/\/www.historyofvaccines.org\/content\/articles\/do-vaccines-cause-autism\"><span style=\"font-weight: 400;\">kein nachweisbarer Zusammenhang<\/span><\/a><span style=\"font-weight: 400;\"> zwischen Autismus und MMR.\u00a0<\/span><\/p>\n<p><span style=\"font-weight: 400;\">In an ideal world, this knowledge would be enough to put a parent\u2019s mind at rest, and yet the MMR-autism link continues to endure and studies continue to be carried out, eating up valuable <a href=\"https:\/\/www.kolabtree.com\/blog\/de\/ensuring-reproducibility-in-ai-driven-research-how-freelance-experts-can-help-in-biotech-and-healthcare\/\">Forschung<\/a> time and funding that could be used to make advances in autism. But why is this connection still so pervasive? Where did this health myth come from in the first place?<\/span><\/p>\n<p><b>Warum glauben Menschen, dass Impfstoffe Autismus verursachen?<\/b><\/p>\n<p><span style=\"font-weight: 400;\">Dieser medizinische Mythos entstand 1997 nach der Ver\u00f6ffentlichung einer <\/span><a href=\"https:\/\/www.publichealth.org\/public-awareness\/understanding-vaccines\/vaccine-myths-debunked\/\"><span style=\"font-weight: 400;\">Studie des britischen Chirurgen Andrew Wakefield<\/span><\/a><span style=\"font-weight: 400;\">. Der Artikel wurde in der renommierten medizinischen Fachzeitschrift \"The Lancet\" ver\u00f6ffentlicht und legt nahe, dass der Impfstoff gegen Masern, Mumps und R\u00f6teln (MMR) das Auftreten von Autismus bei britischen Kindern erh\u00f6ht.<\/span><\/p>\n<p><span style=\"font-weight: 400;\">Die betreffende Studie betraf acht Kinder. Dies ist bemerkenswert, wenn man bedenkt, welche Folgen dies haben w\u00fcrde, und es zeigt, wie wichtig es ist, die \u00d6ffentlichkeit vor falschen medizinischen Informationen zu sch\u00fctzen. Die Studie wurde sofort widerlegt und wegen schwerer Verfahrensfehler, ethischer Verst\u00f6\u00dfe und nicht offengelegter finanzieller Interessenkonflikte in Misskredit gebracht. Die Studie wurde von The Lancet zur\u00fcckgezogen, und Wakefield verlor seine Zulassung als Arzt.\u00a0<\/span><\/p>\n<p><span style=\"font-weight: 400;\">Leider war der Schaden bereits angerichtet. Ver\u00e4ngstigte Eltern hatten die Nachricht geh\u00f6rt und begannen, die Impfung ihrer Kinder zu verz\u00f6gern oder ganz zu verweigern. Impfstoff <\/span><a href=\"https:\/\/www.independent.co.uk\/life-style\/health-and-families\/despite-scepticism-europe-has-high-vaccination-rates-but-it-shouldn-t-be-complacent-a7702081.html\"><span style=\"font-weight: 400;\">die Akzeptanz in Gro\u00dfbritannien ist stark zur\u00fcckgegangen<\/span><\/a><span style=\"font-weight: 400;\">. Auch heute noch ist die Zahl der Kinder\u00e4rzte, die \u00fcber die Ablehnung von Impfungen berichten <\/span><a href=\"https:\/\/www.healthleadersmedia.com\/strategy\/anti-vax-movement-growing\"><span style=\"font-weight: 400;\">deutlich erh\u00f6ht<\/span><\/a><span style=\"font-weight: 400;\">. Seit der Ver\u00f6ffentlichung des Artikels in The Lancet haben Ger\u00fcchte um sich gegriffen und Fehlinformationen wurden \u00fcber das Internet verbreitet und verst\u00e4rkt.<\/span><\/p>\n<h2><span class=\"ez-toc-section\" id=\"Why_We_Conducted_This_Study\"><\/span><b>Warum wir diese Studie durchgef\u00fchrt haben<\/b><span class=\"ez-toc-section-end\"><\/span><\/h2>\n<p><span style=\"font-weight: 400;\">Mit dieser Studie wollten wir ein genaues Bild von der Einstellung der Menschen zu diesem Gesundheitsmythos erhalten.  Die Besorgnis \u00fcber die MMR-Impfung scheint heute besonders gro\u00df zu sein, da die <\/span><a href=\"https:\/\/metro.co.uk\/2019\/08\/19\/boris-johnson-takes-anti-vaxxers-uk-loses-measles-free-status-10593190\/\"><span style=\"font-weight: 400;\">Das Vereinigte K\u00f6nigreich hat vor kurzem seinen Status \"masernfrei\" verloren<\/span><\/a><span style=\"font-weight: 400;\"> mit der Weltgesundheitsorganisation (WHO), drei Jahre nachdem das Virus im Vereinigten K\u00f6nigreich eliminiert wurde. Heute haben nur 87,2% der britischen Kinder ihre zweite Impfdosis erhalten, gegen\u00fcber 88,6% im Zeitraum 2014-2015. Im ersten Quartal 2019 gab es im Vereinigten K\u00f6nigreich 231 best\u00e4tigte F\u00e4lle von Masern.<\/span><\/p>\n<p><span style=\"font-weight: 400;\">Als medizinische Experten und Forscher wollten wir herausfinden, ob die Menschen wirklich glauben, dass Impfstoffe Autismus verursachen, und untersuchen, ob die \u00d6ffentlichkeit im Zeitalter der sozialen Medien leichter durch medizinische Fehlinformationen in die Irre gef\u00fchrt werden kann oder nicht. Schlie\u00dflich wollten wir herausfinden, ob die <\/span><a href=\"https:\/\/blog.kolabtree.com\/how-healthcare-companies-can-recover-from-the-medic-update-in-3-steps\/\"><span style=\"font-weight: 400;\">Medizinisches Update<\/span><\/a><span style=\"font-weight: 400;\"> hat sich erheblich auf die Zahl der Menschen ausgewirkt, die ungenaue medizinische Informationen \u00fcber Impfstoffe lesen und sich davon beeinflussen lassen.<\/span><\/p>\n<p><span style=\"font-weight: 400;\">Im Folgenden gehen wir auf die Fragen ein, die wir der \u00d6ffentlichkeit gestellt haben, und auf die Antworten, die wir erhalten haben.<\/span><\/p>\n<h2><span class=\"ez-toc-section\" id=\"1_Do_You_Believe_Vaccines_Cause_Autism\"><\/span><b>1. Glauben Sie, dass Impfstoffe Autismus verursachen?<\/b><span class=\"ez-toc-section-end\"><\/span><\/h2>\n<p><img decoding=\"async\" loading=\"lazy\" class=\"alignnone wp-image-5904 size-large\" src=\"https:\/\/blog.kolabtree.com\/wp-content\/uploads\/2019\/08\/vaccine1-1024x329.png\" alt=\"\" width=\"702\" height=\"226\" srcset=\"https:\/\/www.kolabtree.com\/blog\/wp-content\/uploads\/2019\/08\/vaccine1-1024x329.png 1024w, https:\/\/www.kolabtree.com\/blog\/wp-content\/uploads\/2019\/08\/vaccine1-300x96.png 300w, https:\/\/www.kolabtree.com\/blog\/wp-content\/uploads\/2019\/08\/vaccine1-768x247.png 768w, https:\/\/www.kolabtree.com\/blog\/wp-content\/uploads\/2019\/08\/vaccine1.png 1028w\" sizes=\"(max-width: 702px) 100vw, 702px\" \/><\/p>\n<p><span style=\"font-weight: 400;\">Die Ergebnisse dieser Frage sind recht beruhigend. Aus unserer Stichprobengr\u00f6\u00dfe geht hervor, dass die Mehrheit der Menschen fest daran glaubt, dass es keinen Zusammenhang zwischen der MMR-Impfung und Autismus gibt.<\/span><\/p>\n<p><span style=\"font-weight: 400;\">Betrachtet man die Unterschiede zwischen den Ansichten von M\u00e4nnern und Frauen, so ist ein leichter, aber unbedeutender Unterschied festzustellen. Mehr Frauen (66,5%) als M\u00e4nner (63,9%) antworteten, dass sie nicht an einen kausalen Zusammenhang glauben.\u00a0<\/span><\/p>\n<p><span style=\"font-weight: 400;\">Unseren Untersuchungen zufolge ist die Altersgruppe, die am ehesten glaubt, dass Impfstoffe Autismus verursachen, die der 35- bis 44-J\u00e4hrigen (11%). In dieser Gruppe gaben 16% der M\u00e4nner an, dass sie glauben, dass Impfstoffe Autismus verursachen, verglichen mit nur 4,7% der Frauen. Allerdings sind Frauen tendenziell unsicherer. In dieser Altersgruppe. 32,3% der Frauen gaben an, dass sie sich \u00fcber den Zusammenhang nicht sicher sind - im Vergleich zu nur 15% der M\u00e4nner.\u00a0<\/span><\/p>\n<p><span style=\"font-weight: 400;\">Etwas beunruhigend an diesen Daten ist die Zahl der Menschen, die unentschlossen sind, was den Zusammenhang zwischen Impfstoffen und Autismus angeht. Trotz der verf\u00fcgbaren Studien und Fakten haben einige Menschen noch Zweifel. Z\u00e4hlt man n\u00e4mlich diejenigen zusammen, die glauben, dass es <\/span><i><span style=\"font-weight: 400;\">ist <\/span><\/i><span style=\"font-weight: 400;\">eine Verbindung zwischen Autismus und Impfstoffen herstellen und diejenigen, die sich nicht sicher sind, k\u00f6nnen wir feststellen, dass 34,7% der Bev\u00f6lkerung durch falsche medizinische Informationen negativ beeinflusst wurden.<\/span><\/p>\n<h2><span class=\"ez-toc-section\" id=\"2_Do_You_Believe_the_Dangers_of_Vaccinations_Outweigh_the_Benefits\"><\/span><b>2. Glauben Sie, dass die Gefahren von Impfungen den Nutzen \u00fcberwiegen?<\/b><span class=\"ez-toc-section-end\"><\/span><\/h2>\n<p><img decoding=\"async\" loading=\"lazy\" class=\"alignnone wp-image-5905 size-full\" src=\"https:\/\/blog.kolabtree.com\/wp-content\/uploads\/2019\/08\/vaccine2.png\" alt=\"\" width=\"1026\" height=\"317\" srcset=\"https:\/\/www.kolabtree.com\/blog\/wp-content\/uploads\/2019\/08\/vaccine2.png 1026w, https:\/\/www.kolabtree.com\/blog\/wp-content\/uploads\/2019\/08\/vaccine2-300x93.png 300w, https:\/\/www.kolabtree.com\/blog\/wp-content\/uploads\/2019\/08\/vaccine2-1024x316.png 1024w, https:\/\/www.kolabtree.com\/blog\/wp-content\/uploads\/2019\/08\/vaccine2-768x237.png 768w\" sizes=\"(max-width: 1026px) 100vw, 1026px\" \/><span style=\"font-weight: 400;\">Wie wir sehen k\u00f6nnen, glauben 62,6% der Menschen, dass die Gefahren von Impfungen die Vorteile nicht \u00fcberwiegen. Allerdings glauben 16,5% der Menschen, dass die Gefahren ein zu gro\u00dfes Risiko darstellen, w\u00e4hrend 21% unsicher sind.<\/span><\/p>\n<p><span style=\"font-weight: 400;\">Erstaunlicherweise gaben nur 12,4% der Frauen an, dass sie glauben, dass die Gefahren von Impfungen die Vorteile \u00fcberwiegen, w\u00e4hrend bemerkenswerte 20,6% der M\u00e4nner in unserer Umfrage sagten, dass sie glauben, dass die Gefahren die Vorteile \u00fcberwiegen.<\/span><span style=\"font-weight: 400;\"><br \/>\n<\/span><\/p>\n<p><span style=\"font-weight: 400;\">Die \u00fcber 65-J\u00e4hrigen sind am ehesten der Meinung, dass Impfungen eher gef\u00e4hrlich als n\u00fctzlich sind (29,5%). Vergleicht man dies mit den 7,8% der 25- bis 34-J\u00e4hrigen, die dasselbe glauben, l\u00e4sst sich eindeutig feststellen, dass die Teilnehmer die Sicherheit von Impfstoffen umso besser einsch\u00e4tzen, je j\u00fcnger die Generation ist.\u00a0<\/span><\/p>\n<h2><span class=\"ez-toc-section\" id=\"3_Have_You_Personally_Seen_Any_Anti-Vaccine_Content_on_One_or_More_of_the_Following_Platforms\"><\/span><b>3. Haben Sie pers\u00f6nlich Antiimpfstoff-Inhalte auf einer oder mehreren der folgenden Plattformen gesehen?<\/b><span class=\"ez-toc-section-end\"><\/span><\/h2>\n<p><img decoding=\"async\" loading=\"lazy\" class=\"alignnone wp-image-5907 size-full\" src=\"https:\/\/blog.kolabtree.com\/wp-content\/uploads\/2019\/08\/vaccine4.png\" alt=\"\" width=\"1013\" height=\"498\" srcset=\"https:\/\/www.kolabtree.com\/blog\/wp-content\/uploads\/2019\/08\/vaccine4.png 1013w, https:\/\/www.kolabtree.com\/blog\/wp-content\/uploads\/2019\/08\/vaccine4-300x147.png 300w, https:\/\/www.kolabtree.com\/blog\/wp-content\/uploads\/2019\/08\/vaccine4-768x378.png 768w, https:\/\/www.kolabtree.com\/blog\/wp-content\/uploads\/2019\/08\/vaccine4-164x82.png 164w\" sizes=\"(max-width: 1013px) 100vw, 1013px\" \/><\/p>\n<p><span style=\"font-weight: 400;\">Unsere Ergebnisse zeigen, dass die Menschen im Gro\u00dfen und Ganzen nicht viel Anti-Vax-Material in den sozialen Medien sehen, aber wenn, dann vor allem auf Facebook.<\/span><\/p>\n<p><span style=\"font-weight: 400;\">Unsere Ergebnisse zeigen auch, dass mehr junge Menschen (insbesondere im Alter von 18 bis 24 Jahren) Anti-Impf-Inhalte in sozialen Medien gesehen haben. Dies ist wahrscheinlich darauf zur\u00fcckzuf\u00fchren, dass sie mehr Zeit auf diesen Plattformen verbringen. Diejenigen, die am wenigsten Inhalte auf diesen Plattformen gesehen haben, sind \u00fcber 65 Jahre alt.<\/span><\/p>\n<h2><span class=\"ez-toc-section\" id=\"4_Do_You_Think_the_Post_Below_Is_a_Credible_Source_of_Information_about_Vaccines\"><\/span><b>4. Glauben Sie, dass der unten stehende Beitrag eine glaubw\u00fcrdige Informationsquelle \u00fcber Impfstoffe ist?<\/b><span class=\"ez-toc-section-end\"><\/span><\/h2>\n<p><span style=\"font-weight: 400;\"><img decoding=\"async\" loading=\"lazy\" class=\"alignnone wp-image-5906 size-full\" src=\"https:\/\/blog.kolabtree.com\/wp-content\/uploads\/2019\/08\/vaccine3.png\" alt=\"\" width=\"1033\" height=\"329\" srcset=\"https:\/\/www.kolabtree.com\/blog\/wp-content\/uploads\/2019\/08\/vaccine3.png 1033w, https:\/\/www.kolabtree.com\/blog\/wp-content\/uploads\/2019\/08\/vaccine3-300x96.png 300w, https:\/\/www.kolabtree.com\/blog\/wp-content\/uploads\/2019\/08\/vaccine3-1024x326.png 1024w, https:\/\/www.kolabtree.com\/blog\/wp-content\/uploads\/2019\/08\/vaccine3-768x245.png 768w\" sizes=\"(max-width: 1033px) 100vw, 1033px\" \/><\/span><\/p>\n<p><img decoding=\"async\" loading=\"lazy\" class=\"alignnone wp-image-5908 size-full\" src=\"https:\/\/blog.kolabtree.com\/wp-content\/uploads\/2019\/08\/vaccine5.png\" alt=\"\" width=\"1152\" height=\"583\" srcset=\"https:\/\/www.kolabtree.com\/blog\/wp-content\/uploads\/2019\/08\/vaccine5.png 1152w, https:\/\/www.kolabtree.com\/blog\/wp-content\/uploads\/2019\/08\/vaccine5-300x152.png 300w, https:\/\/www.kolabtree.com\/blog\/wp-content\/uploads\/2019\/08\/vaccine5-1024x518.png 1024w, https:\/\/www.kolabtree.com\/blog\/wp-content\/uploads\/2019\/08\/vaccine5-768x389.png 768w, https:\/\/www.kolabtree.com\/blog\/wp-content\/uploads\/2019\/08\/vaccine5-1080x547.png 1080w, https:\/\/www.kolabtree.com\/blog\/wp-content\/uploads\/2019\/08\/vaccine5-474x240.png 474w, https:\/\/www.kolabtree.com\/blog\/wp-content\/uploads\/2019\/08\/vaccine5-164x82.png 164w\" sizes=\"(max-width: 1152px) 100vw, 1152px\" \/><\/p>\n<p><span style=\"font-weight: 400;\">Die Mehrheit unserer Teilnehmer misstraut diesem Social-Media-Konto. 90,9% sagen, dass es keine glaubw\u00fcrdige Informationsquelle ist. Nur 9,1% halten ihn f\u00fcr vertrauensw\u00fcrdig.<\/span><\/p>\n<p><span style=\"font-weight: 400;\">Zwar sind sowohl M\u00e4nner als auch Frauen \u00fcberwiegend der Meinung, dass dies eine schlechte Informationsquelle ist, doch glauben mehr Frauen (94,2%) als M\u00e4nner (87,2%), dass dies der Fall ist.<\/span><\/p>\n<h2><span class=\"ez-toc-section\" id=\"5_Do_You_Think_That_the_Account_in_the_Picture_Below_Is_a_Credible_Source_of_Information_about_Vaccines\"><\/span><b>5. Glauben Sie, dass das Konto auf dem Bild unten eine glaubw\u00fcrdige Informationsquelle \u00fcber Impfstoffe ist?<\/b><span class=\"ez-toc-section-end\"><\/span><\/h2>\n<p><span style=\"font-weight: 400;\"><img decoding=\"async\" loading=\"lazy\" class=\"alignnone wp-image-5910 size-large\" src=\"https:\/\/blog.kolabtree.com\/wp-content\/uploads\/2019\/08\/vaccine7-1024x310.png\" alt=\"\" width=\"702\" height=\"213\" srcset=\"https:\/\/www.kolabtree.com\/blog\/wp-content\/uploads\/2019\/08\/vaccine7-1024x310.png 1024w, https:\/\/www.kolabtree.com\/blog\/wp-content\/uploads\/2019\/08\/vaccine7-300x91.png 300w, https:\/\/www.kolabtree.com\/blog\/wp-content\/uploads\/2019\/08\/vaccine7-768x232.png 768w, https:\/\/www.kolabtree.com\/blog\/wp-content\/uploads\/2019\/08\/vaccine7.png 1025w\" sizes=\"(max-width: 702px) 100vw, 702px\" \/><\/span><\/p>\n<p><span style=\"font-weight: 400;\"><img decoding=\"async\" loading=\"lazy\" class=\"alignnone wp-image-5909 size-large\" src=\"https:\/\/blog.kolabtree.com\/wp-content\/uploads\/2019\/08\/vaccine6-1024x375.png\" alt=\"\" width=\"702\" height=\"257\" srcset=\"https:\/\/www.kolabtree.com\/blog\/wp-content\/uploads\/2019\/08\/vaccine6-1024x375.png 1024w, https:\/\/www.kolabtree.com\/blog\/wp-content\/uploads\/2019\/08\/vaccine6-300x110.png 300w, https:\/\/www.kolabtree.com\/blog\/wp-content\/uploads\/2019\/08\/vaccine6-768x281.png 768w, https:\/\/www.kolabtree.com\/blog\/wp-content\/uploads\/2019\/08\/vaccine6.png 1033w\" sizes=\"(max-width: 702px) 100vw, 702px\" \/><\/span><\/p>\n<p><span style=\"font-weight: 400;\">Wie bei der vorhergehenden Frage zeigt sich, dass die meisten Menschen Anti-vax-Konten in sozialen Medien kritisch gegen\u00fcberstehen. 86,5% der Befragten sind der Meinung, dass dies keine glaubw\u00fcrdige Quelle f\u00fcr Informationen \u00fcber Impfstoffe ist, w\u00e4hrend nur 13,5% dies glauben.<\/span><\/p>\n<h2><span class=\"ez-toc-section\" id=\"6_Facebook_Google_Amazon_and_Other_Companies_Have_Pledged_to_Reduce_the_Visibility_of_Anti-Vaccine_Information_Do_You_See_Less_Anti-Vaccine_Content_Online_Now\"><\/span><b>6. Facebook, Google, Amazon und andere Unternehmen haben sich verpflichtet, die Sichtbarkeit von Anti-Impf-Informationen zu reduzieren. Sehen Sie jetzt weniger Antiimpfstoff-Inhalte im Internet?<\/b><span class=\"ez-toc-section-end\"><\/span><\/h2>\n<p><img decoding=\"async\" loading=\"lazy\" class=\"alignnone wp-image-5911 size-full\" src=\"https:\/\/blog.kolabtree.com\/wp-content\/uploads\/2019\/08\/vaccine8.png\" alt=\"\" width=\"983\" height=\"332\" srcset=\"https:\/\/www.kolabtree.com\/blog\/wp-content\/uploads\/2019\/08\/vaccine8.png 983w, https:\/\/www.kolabtree.com\/blog\/wp-content\/uploads\/2019\/08\/vaccine8-300x101.png 300w, https:\/\/www.kolabtree.com\/blog\/wp-content\/uploads\/2019\/08\/vaccine8-768x259.png 768w\" sizes=\"(max-width: 983px) 100vw, 983px\" \/><\/p>\n<p><span style=\"font-weight: 400;\">Nachdem \u00c4rzte in Frage gestellt hatten, ob Unternehmen wie Google, Facebook und Amazon <\/span><a href=\"https:\/\/www.cbsnews.com\/news\/tech-companies-fight-against-vaccine-misinformation-prompts-free-speech-debate\/\"><span style=\"font-weight: 400;\">einen Teil der Schuld tragen<\/span><\/a><span style=\"font-weight: 400;\"> Angesichts der zunehmenden Zahl von Kindern, die sich nicht impfen lassen, erkl\u00e4rten sich dieselben Unternehmen bereit, Ma\u00dfnahmen zu ergreifen, um die Verbreitung dieser Fehlinformationen einzud\u00e4mmen. Im Gro\u00dfen und Ganzen scheinen sich die Menschen dieser Ver\u00e4nderung nicht bewusst zu sein. 72,4% der Menschen gaben an, dass sie nicht sicher sind, ob sie mehr oder weniger Inhalte \u00fcber Impfungen und Autismus sehen. 17,8% haben jedoch bewusst weniger Anti-Impf-Inhalte in sozialen Medien wahrgenommen, was ein erster positiver Schritt und eine vielversprechende Nachricht f\u00fcr medizinische Informationen im Allgemeinen ist.<\/span><\/p>\n<h2><span class=\"ez-toc-section\" id=\"What_We_Learned_from_This_Study\"><\/span><b>Was wir aus dieser Studie gelernt haben<\/b><span class=\"ez-toc-section-end\"><\/span><\/h2>\n<p><span style=\"font-weight: 400;\">Letztendlich war diese Studie beruhigend, da sie best\u00e4tigte, dass die meisten Menschen offenbar einen klaren Kopf haben, wenn es um die Wissenschaft von MMR-Impfstoffen und Autismus geht. Die Mehrheit der Menschen glaubt nicht an den Zusammenhang und l\u00e4sst sich auch nicht von irref\u00fchrenden Berichten in den sozialen Medien beirren. Die Tatsache, dass es so viele Menschen gibt, die unentschlossen zu sein scheinen, ist jedoch beunruhigend. Sie unterstreicht, wie wichtig es ist, dass Unternehmen wie Google, Facebook und Amazon Ma\u00dfnahmen ergreifen, um zu verhindern, dass die Menschen irref\u00fchrenden - und gef\u00e4hrlichen - medizinischen Inhalten ausgesetzt werden.<\/span><\/p>\n<p><b>&#8212;<br \/>\nSind Sie auf der Suche nach einem qualifizierten Wissenschaftler, der Ihnen bei der Durchf\u00fchrung von Forschungsstudien oder der \u00dcberpr\u00fcfung von Informationen helfen kann? <\/b><a href=\"https:\/\/www.kolabtree.com\/find-an-expert?utm_source=Blog&amp;utm_medium=Post&amp;utm_campaign=Vaccines-Autism\"><b>Mieten Sie freiberufliche Wissenschaftler auf Kolabtree<\/b><\/a><b> und seien Sie sicher, dass Ihr Projekt in guten H\u00e4nden ist.<\/b><\/p>\n<p><em>&#8212;<br \/>\nfinden. <a href=\"https:\/\/jooble.org\/jobs-medical\">medizinische Berufe<\/a> von Top-Arbeitgebern.\u00a0<\/em><\/p>","protected":false},"excerpt":{"rendered":"<p>The subject of vaccinations and autism is one that divides people and evokes a great deal of heated debate. Do vaccines cause autism? What does the science say? And what does the UK public really believe? In our new study, we canvassed opinion to see how pervasive bad science can be. Inaccurate or misleading medical<\/p>\n<div class=\"read-more\"><a href=\"https:\/\/www.kolabtree.com\/blog\/de\/do-vaccines-cause-autism-new-kolabtree-study-explores-public-views\/\" title=\"Mehr lesen\">Mehr lesen<\/a><\/div>","protected":false},"author":12,"featured_media":5912,"comment_status":"open","ping_status":"open","sticky":false,"template":"","format":"standard","meta":[],"categories":[314],"tags":[],"acf":[],"yoast_head":"<!-- This site is optimized with the Yoast SEO Premium plugin v20.1 (Yoast SEO v20.1) - https:\/\/yoast.com\/wordpress\/plugins\/seo\/ -->\n<title>Do Vaccines Cause Autism? Study Explores Public Views | Kolabtree<\/title>\n<meta name=\"description\" content=\"Do vaccines cause autism? Our new study reveals generational and gender divides and examines public views to explore the pervasiveness of bad science\" \/>\n<meta name=\"robots\" content=\"index, follow, max-snippet:-1, max-image-preview:large, max-video-preview:-1\" \/>\n<link rel=\"canonical\" href=\"https:\/\/www.kolabtree.com\/blog\/de\/do-vaccines-cause-autism-new-kolabtree-study-explores-public-views\/\" \/>\n<meta property=\"og:locale\" content=\"de_DE\" \/>\n<meta property=\"og:type\" content=\"article\" \/>\n<meta property=\"og:title\" content=\"Do Vaccines Cause Autism? New Kolabtree Study Explores Public Views\" \/>\n<meta property=\"og:description\" content=\"Do vaccines cause autism? Our new study reveals generational and gender divides and examines public views to explore the pervasiveness of bad science\" \/>\n<meta property=\"og:url\" content=\"https:\/\/www.kolabtree.com\/blog\/de\/do-vaccines-cause-autism-new-kolabtree-study-explores-public-views\/\" \/>\n<meta property=\"og:site_name\" content=\"The Kolabtree Blog\" \/>\n<meta property=\"article:publisher\" content=\"https:\/\/www.facebook.com\/kolabtree\" \/>\n<meta property=\"article:published_time\" content=\"2019-08-20T10:22:45+00:00\" \/>\n<meta property=\"article:modified_time\" content=\"2020-11-09T08:59:24+00:00\" \/>\n<meta property=\"og:image\" content=\"https:\/\/www.kolabtree.com\/blog\/wp-content\/uploads\/2019\/08\/vaccines-autism-poll.jpg\" \/>\n\t<meta property=\"og:image:width\" content=\"1000\" \/>\n\t<meta property=\"og:image:height\" content=\"667\" \/>\n\t<meta property=\"og:image:type\" content=\"image\/jpeg\" \/>\n<meta name=\"author\" content=\"Ramya Sriram\" \/>\n<meta name=\"twitter:card\" content=\"summary_large_image\" \/>\n<meta name=\"twitter:creator\" content=\"@kolabtree\" \/>\n<meta name=\"twitter:site\" content=\"@kolabtree\" \/>\n<meta name=\"twitter:label1\" content=\"Verfasst von\" \/>\n\t<meta name=\"twitter:data1\" content=\"Ramya Sriram\" \/>\n\t<meta name=\"twitter:label2\" content=\"Gesch\u00e4tzte Lesezeit\" \/>\n\t<meta name=\"twitter:data2\" content=\"8\u00a0Minuten\" \/>\n<!-- \/ Yoast SEO Premium plugin. -->","yoast_head_json":{"title":"Do Vaccines Cause Autism? Study Explores Public Views | Kolabtree","description":"Do vaccines cause autism? Our new study reveals generational and gender divides and examines public views to explore the pervasiveness of bad science","robots":{"index":"index","follow":"follow","max-snippet":"max-snippet:-1","max-image-preview":"max-image-preview:large","max-video-preview":"max-video-preview:-1"},"canonical":"https:\/\/www.kolabtree.com\/blog\/de\/do-vaccines-cause-autism-new-kolabtree-study-explores-public-views\/","og_locale":"de_DE","og_type":"article","og_title":"Do Vaccines Cause Autism? New Kolabtree Study Explores Public Views","og_description":"Do vaccines cause autism? Our new study reveals generational and gender divides and examines public views to explore the pervasiveness of bad science","og_url":"https:\/\/www.kolabtree.com\/blog\/de\/do-vaccines-cause-autism-new-kolabtree-study-explores-public-views\/","og_site_name":"The Kolabtree Blog","article_publisher":"https:\/\/www.facebook.com\/kolabtree","article_published_time":"2019-08-20T10:22:45+00:00","article_modified_time":"2020-11-09T08:59:24+00:00","og_image":[{"width":1000,"height":667,"url":"https:\/\/www.kolabtree.com\/blog\/wp-content\/uploads\/2019\/08\/vaccines-autism-poll.jpg","type":"image\/jpeg"}],"author":"Ramya Sriram","twitter_card":"summary_large_image","twitter_creator":"@kolabtree","twitter_site":"@kolabtree","twitter_misc":{"Verfasst von":"Ramya Sriram","Gesch\u00e4tzte Lesezeit":"8\u00a0Minuten"},"schema":{"@context":"https:\/\/schema.org","@graph":[{"@type":"Article","@id":"https:\/\/www.kolabtree.com\/blog\/de\/do-vaccines-cause-autism-new-kolabtree-study-explores-public-views\/#article","isPartOf":{"@id":"https:\/\/www.kolabtree.com\/blog\/de\/do-vaccines-cause-autism-new-kolabtree-study-explores-public-views\/"},"author":{"name":"Ramya Sriram","@id":"https:\/\/www.kolabtree.com\/blog\/#\/schema\/person\/81992f5863a1b06d132a47822e7b4400"},"headline":"Do Vaccines Cause Autism? New Kolabtree Study Explores Public Views","datePublished":"2019-08-20T10:22:45+00:00","dateModified":"2020-11-09T08:59:24+00:00","mainEntityOfPage":{"@id":"https:\/\/www.kolabtree.com\/blog\/de\/do-vaccines-cause-autism-new-kolabtree-study-explores-public-views\/"},"wordCount":1533,"commentCount":0,"publisher":{"@id":"https:\/\/www.kolabtree.com\/blog\/#organization"},"articleSection":["News &amp; Events"],"inLanguage":"de","potentialAction":[{"@type":"CommentAction","name":"Comment","target":["https:\/\/www.kolabtree.com\/blog\/de\/do-vaccines-cause-autism-new-kolabtree-study-explores-public-views\/#respond"]}]},{"@type":"WebPage","@id":"https:\/\/www.kolabtree.com\/blog\/de\/do-vaccines-cause-autism-new-kolabtree-study-explores-public-views\/","url":"https:\/\/www.kolabtree.com\/blog\/de\/do-vaccines-cause-autism-new-kolabtree-study-explores-public-views\/","name":"Do Vaccines Cause Autism? Study Explores Public Views | Kolabtree","isPartOf":{"@id":"https:\/\/www.kolabtree.com\/blog\/#website"},"datePublished":"2019-08-20T10:22:45+00:00","dateModified":"2020-11-09T08:59:24+00:00","description":"Do vaccines cause autism? Our new study reveals generational and gender divides and examines public views to explore the pervasiveness of bad science","breadcrumb":{"@id":"https:\/\/www.kolabtree.com\/blog\/de\/do-vaccines-cause-autism-new-kolabtree-study-explores-public-views\/#breadcrumb"},"inLanguage":"de","potentialAction":[{"@type":"ReadAction","target":["https:\/\/www.kolabtree.com\/blog\/de\/do-vaccines-cause-autism-new-kolabtree-study-explores-public-views\/"]}]},{"@type":"BreadcrumbList","@id":"https:\/\/www.kolabtree.com\/blog\/de\/do-vaccines-cause-autism-new-kolabtree-study-explores-public-views\/#breadcrumb","itemListElement":[{"@type":"ListItem","position":1,"name":"Home","item":"https:\/\/www.kolabtree.com\/blog\/"},{"@type":"ListItem","position":2,"name":"Do Vaccines Cause Autism? New Kolabtree Study Explores Public Views"}]},{"@type":"WebSite","@id":"https:\/\/www.kolabtree.com\/blog\/#website","url":"https:\/\/www.kolabtree.com\/blog\/","name":"The Kolabtree Blog","description":"Expert Views on Science, Innovation and Product Development","publisher":{"@id":"https:\/\/www.kolabtree.com\/blog\/#organization"},"potentialAction":[{"@type":"SearchAction","target":{"@type":"EntryPoint","urlTemplate":"https:\/\/www.kolabtree.com\/blog\/?s={search_term_string}"},"query-input":"required name=search_term_string"}],"inLanguage":"de"},{"@type":"Organization","@id":"https:\/\/www.kolabtree.com\/blog\/#organization","name":"Kolabtree","url":"https:\/\/www.kolabtree.com\/blog\/","logo":{"@type":"ImageObject","inLanguage":"de","@id":"https:\/\/www.kolabtree.com\/blog\/#\/schema\/logo\/image\/","url":"","contentUrl":"","caption":"Kolabtree"},"image":{"@id":"https:\/\/www.kolabtree.com\/blog\/#\/schema\/logo\/image\/"},"sameAs":["https:\/\/www.facebook.com\/kolabtree","https:\/\/twitter.com\/kolabtree","https:\/\/instagram.com\/kolabtree","https:\/\/www.linkedin.com\/company\/kolabtree","https:\/\/en.m.wikipedia.org\/wiki\/Kolabtree"]},{"@type":"Person","@id":"https:\/\/www.kolabtree.com\/blog\/#\/schema\/person\/81992f5863a1b06d132a47822e7b4400","name":"Ramya Sriram","image":{"@type":"ImageObject","inLanguage":"de","@id":"https:\/\/www.kolabtree.com\/blog\/#\/schema\/person\/image\/","url":"https:\/\/secure.gravatar.com\/avatar\/8100b45c960ebbbbe420e8b3f250515f?s=96&d=mm&r=g","contentUrl":"https:\/\/secure.gravatar.com\/avatar\/8100b45c960ebbbbe420e8b3f250515f?s=96&d=mm&r=g","caption":"Ramya Sriram"},"description":"Ramya Sriram manages digital content and communications at Kolabtree (kolabtree.com), the world's largest freelancing platform for scientists. She has over a decade of experience in publishing, advertising and digital content creation.","url":"https:\/\/www.kolabtree.com\/blog\/de\/author\/ramyas\/"}]}},"amp_enabled":true,"_links":{"self":[{"href":"https:\/\/www.kolabtree.com\/blog\/de\/wp-json\/wp\/v2\/posts\/5901"}],"collection":[{"href":"https:\/\/www.kolabtree.com\/blog\/de\/wp-json\/wp\/v2\/posts"}],"about":[{"href":"https:\/\/www.kolabtree.com\/blog\/de\/wp-json\/wp\/v2\/types\/post"}],"author":[{"embeddable":true,"href":"https:\/\/www.kolabtree.com\/blog\/de\/wp-json\/wp\/v2\/users\/12"}],"replies":[{"embeddable":true,"href":"https:\/\/www.kolabtree.com\/blog\/de\/wp-json\/wp\/v2\/comments?post=5901"}],"version-history":[{"count":5,"href":"https:\/\/www.kolabtree.com\/blog\/de\/wp-json\/wp\/v2\/posts\/5901\/revisions"}],"predecessor-version":[{"id":8534,"href":"https:\/\/www.kolabtree.com\/blog\/de\/wp-json\/wp\/v2\/posts\/5901\/revisions\/8534"}],"wp:featuredmedia":[{"embeddable":true,"href":"https:\/\/www.kolabtree.com\/blog\/de\/wp-json\/wp\/v2\/media\/5912"}],"wp:attachment":[{"href":"https:\/\/www.kolabtree.com\/blog\/de\/wp-json\/wp\/v2\/media?parent=5901"}],"wp:term":[{"taxonomy":"category","embeddable":true,"href":"https:\/\/www.kolabtree.com\/blog\/de\/wp-json\/wp\/v2\/categories?post=5901"},{"taxonomy":"post_tag","embeddable":true,"href":"https:\/\/www.kolabtree.com\/blog\/de\/wp-json\/wp\/v2\/tags?post=5901"}],"curies":[{"name":"wp","href":"https:\/\/api.w.org\/{rel}","templated":true}]}}